{"id":23305,"date":"2016-05-11T12:53:11","date_gmt":"2016-05-11T17:53:11","guid":{"rendered":"https:\/\/radiowebmx.com\/nota\/?p=23305"},"modified":"2016-05-11T12:53:11","modified_gmt":"2016-05-11T17:53:11","slug":"inicia-proam-visitas-a-empresas-e-industrias","status":"publish","type":"post","link":"https:\/\/radiowebmx.com\/nota\/inicia-proam-visitas-a-empresas-e-industrias\/","title":{"rendered":"Inicia ProAm visitas a empresas e industrias"},"content":{"rendered":"<p><a href=\"https:\/\/radiowebmx.com\/nota\/wp-content\/uploads\/2016\/05\/908090d2-c730-4ce1-ad4b-6b9e4104283d.jpg\"><img loading=\"lazy\" decoding=\"async\" class=\"alignleft size-full wp-image-23306\" src=\"https:\/\/radiowebmx.com\/nota\/wp-content\/uploads\/2016\/05\/908090d2-c730-4ce1-ad4b-6b9e4104283d.jpg\" alt=\"908090d2-c730-4ce1-ad4b-6b9e4104283d\" width=\"591\" height=\"345\" srcset=\"https:\/\/radiowebmx.com\/nota\/wp-content\/uploads\/2016\/05\/908090d2-c730-4ce1-ad4b-6b9e4104283d.jpg 591w, https:\/\/radiowebmx.com\/nota\/wp-content\/uploads\/2016\/05\/908090d2-c730-4ce1-ad4b-6b9e4104283d-300x175.jpg 300w\" sizes=\"auto, (max-width: 591px) 100vw, 591px\" \/><\/a>Luego de que el pasado 30 de abril venciera el periodo de renovaci\u00f3n de la Cedula de Operaci\u00f3n Anual (COA), la Procuradur\u00eda de Protecci\u00f3n al Ambiente, (ProAm), encabezada por Juan Carlos Vega Sol\u00f3rzano, realiz\u00f3 la primera actuaci\u00f3n a empresas o industrias de competencia estatal con el objetivo de verificar que cuenten con la actualizaci\u00f3n de la de la COA, as\u00ed como la Licencia Ambiental \u00danica (LAU), el Manifiesto de Impacto Ambiental (MIA) y el Plan de Manejo de Residuos.<\/p>\n<p>Con fundamento en la Ley Ambiental de Desarrollo Sustentable del Estado de Michoac\u00e1n, la ProAm acudi\u00f3 a las instalaciones de Ecoenlace, constatando no s\u00f3lo su responsabilidad como empresa de acopio y reciclaje de papel y cart\u00f3n, sino tambi\u00e9n su compromiso con el medio ambiente al presentar toda su documentaci\u00f3n en regla.<\/p>\n<p>\u201cEsperamos que m\u00e1s empresas est\u00e9n en regla, ya que tenemos instrucciones del Gobernador del Estado, Silvano Aureoles Conejo, de hacer cumplir puntualmente la legislaci\u00f3n ambiental estatal sin distingos\u201d, expres\u00f3 Vega Sol\u00f3rzano.<\/p>\n<p>Los inspectores de la ProAm estar\u00e1n realizando visitas a las empresas de jurisdicci\u00f3n estatal que emitan gases en la atm\u00f3sfera, residuos s\u00f3lidos o l\u00edquidos, para verificar que est\u00e9n en orden las autorizaciones (COA, LAU y MIA) en materia de prevenci\u00f3n y control de la contaminaci\u00f3n para la operaci\u00f3n y funcionamiento de las fuentes fijas que otorga la Secretaria de Medio Ambiente, Recursos Naturales y Cambio Clim\u00e1tico (Semarnacc).<\/p>\n<p>En caso de que alguna empresa estatal no cumpla con las condicionantes o no haya renovado la COA, la ProAm, como \u00f3rgano sancionador, iniciar\u00e1 procedimientos administrativos.<\/p>\n","protected":false},"excerpt":{"rendered":"<p>Luego de que el pasado 30 de abril venciera el periodo de renovaci\u00f3n de la COA, la ProAm, encabezada por Juan Carlos Vega Sol\u00f3rzano, <\/p>\n","protected":false},"author":1,"featured_media":23306,"comment_status":"open","ping_status":"open","sticky":false,"template":"","format":"standard","meta":{"footnotes":""},"categories":[14,3],"tags":[],"class_list":["post-23305","post","type-post","status-publish","format-standard","has-post-thumbnail","hentry","category-destacadas","category-gobierno-del-estado-de-michoacan"],"_links":{"self":[{"href":"https:\/\/radiowebmx.com\/nota\/wp-json\/wp\/v2\/posts\/23305","targetHints":{"allow":["GET"]}}],"collection":[{"href":"https:\/\/radiowebmx.com\/nota\/wp-json\/wp\/v2\/posts"}],"about":[{"href":"https:\/\/radiowebmx.com\/nota\/wp-json\/wp\/v2\/types\/post"}],"author":[{"embeddable":true,"href":"https:\/\/radiowebmx.com\/nota\/wp-json\/wp\/v2\/users\/1"}],"replies":[{"embeddable":true,"href":"https:\/\/radiowebmx.com\/nota\/wp-json\/wp\/v2\/comments?post=23305"}],"version-history":[{"count":1,"href":"https:\/\/radiowebmx.com\/nota\/wp-json\/wp\/v2\/posts\/23305\/revisions"}],"predecessor-version":[{"id":23307,"href":"https:\/\/radiowebmx.com\/nota\/wp-json\/wp\/v2\/posts\/23305\/revisions\/23307"}],"wp:featuredmedia":[{"embeddable":true,"href":"https:\/\/radiowebmx.com\/nota\/wp-json\/wp\/v2\/media\/23306"}],"wp:attachment":[{"href":"https:\/\/radiowebmx.com\/nota\/wp-json\/wp\/v2\/media?parent=23305"}],"wp:term":[{"taxonomy":"category","embeddable":true,"href":"https:\/\/radiowebmx.com\/nota\/wp-json\/wp\/v2\/categories?post=23305"},{"taxonomy":"post_tag","embeddable":true,"href":"https:\/\/radiowebmx.com\/nota\/wp-json\/wp\/v2\/tags?post=23305"}],"curies":[{"name":"wp","href":"https:\/\/api.w.org\/{rel}","templated":true}]}}