{"id":23302,"date":"2016-05-11T12:07:06","date_gmt":"2016-05-11T17:07:06","guid":{"rendered":"https:\/\/radiowebmx.com\/nota\/?p=23302"},"modified":"2016-05-11T12:07:06","modified_gmt":"2016-05-11T17:07:06","slug":"suman-esfuerzos-los-tres-ordenes-de-gobierno-para-transformar-la-sierra-costa","status":"publish","type":"post","link":"https:\/\/radiowebmx.com\/nota\/suman-esfuerzos-los-tres-ordenes-de-gobierno-para-transformar-la-sierra-costa\/","title":{"rendered":"Suman esfuerzos los tres \u00f3rdenes de gobierno para transformar la Sierra Costa"},"content":{"rendered":"<p><a href=\"https:\/\/radiowebmx.com\/nota\/wp-content\/uploads\/2016\/05\/615cb2a7-fe50-435d-bf7f-d5f750afd968.jpg\"><img loading=\"lazy\" decoding=\"async\" class=\"alignleft size-full wp-image-23303\" src=\"https:\/\/radiowebmx.com\/nota\/wp-content\/uploads\/2016\/05\/615cb2a7-fe50-435d-bf7f-d5f750afd968.jpg\" alt=\"615cb2a7-fe50-435d-bf7f-d5f750afd968\" width=\"591\" height=\"287\" srcset=\"https:\/\/radiowebmx.com\/nota\/wp-content\/uploads\/2016\/05\/615cb2a7-fe50-435d-bf7f-d5f750afd968.jpg 591w, https:\/\/radiowebmx.com\/nota\/wp-content\/uploads\/2016\/05\/615cb2a7-fe50-435d-bf7f-d5f750afd968-300x146.jpg 300w\" sizes=\"auto, (max-width: 591px) 100vw, 591px\" \/><\/a>En el marco de la estrategia de enlace y atenci\u00f3n para el desarrollo de las regiones de Michoac\u00e1n instruida por el Gobernador del Estado, Silvano Aureoles Conejo, la titular de la Comisi\u00f3n para el Desarrollo Sostenible de la Costa Michoacana (Codecom), Patricia Flores Anguiano, se reuni\u00f3 con los presidentes municipales de la Sierra Costa, con funcionarios de los gobiernos estatal y federal, as\u00ed como legisladores.<\/p>\n<p>A los dos encuentros celebrados en los municipios de Arteaga y Coalcom\u00e1n, asistieron los alcaldes de esas dos demarcaciones, as\u00ed como de Aquila, Coahuayana, Chinicuila, L\u00e1zaro C\u00e1rdenas y Tumbiscat\u00edo; el delegado en Michoac\u00e1n de la Secretar\u00eda de Desarrollo Social, V\u00edctor Tapia Casta\u00f1eda; y un representante de la Secretar\u00eda de Contralor\u00eda del Estado, que encabeza Silvia Estrada Esquivel.<\/p>\n<p>En ambas reuniones se estableci\u00f3 el compromiso de tener mayor presencia tanto del Gobierno Estatal como Federal, as\u00ed como de acercar programas y elaborar proyectos ejecutivos para la gesti\u00f3n de recursos que permitan generar trabajo y mejorar las condiciones de vida de la poblaci\u00f3n.<\/p>\n<p>Flores Anguiano destac\u00f3 que la Sierra Costa michoacana cuenta con diversas vocaciones productivas que no han sido aprovechadas en beneficio de los habitantes de la regi\u00f3n.<\/p>\n<p>\u201cCoincidimos en la enorme riqueza que tiene la regi\u00f3n, pero incongruentemente tambi\u00e9n es de las zonas m\u00e1s pobres del estado, por lo que urge aprovechar los recursos naturales desarrollando la vocaci\u00f3n productiva y el conocimiento de los habitantes para hacer de la Sierra Costa un mejor lugar para vivir\u201d, subray\u00f3 la titular de la Codecom.<\/p>\n<p>Destac\u00f3 que una de las prioridades del Gobernador Silvano Aureoles Conejo es que la Sierra Costa se desarrolle y se transforme, lo cual ser\u00e1 posible potenciando sus actividades econ\u00f3micas para que los habitantes de la regi\u00f3n tengan las mismas oportunidades que quienes viven en otras zonas del estado.<\/p>\n<p>En este tenor, Flores Anguiano indic\u00f3 que se debe trabajar con base en un plan coordinado que sume y multiplique ideas y saberes.<\/p>\n<p>Por \u00faltimo, inform\u00f3 que las autoridades que asistieron a los encuentros de trabajo se comprometieron a reunirse peri\u00f3dicamente y de manera itinerante para definir proyectos por municipio y gestionar recursos para materializarlos.<\/p>\n","protected":false},"excerpt":{"rendered":"<p>En el marco de la estrategia de enlace y atenci\u00f3n para el desarrollo de las regiones de Michoac\u00e1n instruida por el Gobernador del Estado, Silvano Aureoles Conejo, la titular de la Codecom,<\/p>\n","protected":false},"author":1,"featured_media":23303,"comment_status":"open","ping_status":"open","sticky":false,"template":"","format":"standard","meta":{"footnotes":""},"categories":[14,3],"tags":[],"class_list":["post-23302","post","type-post","status-publish","format-standard","has-post-thumbnail","hentry","category-destacadas","category-gobierno-del-estado-de-michoacan"],"_links":{"self":[{"href":"https:\/\/radiowebmx.com\/nota\/wp-json\/wp\/v2\/posts\/23302","targetHints":{"allow":["GET"]}}],"collection":[{"href":"https:\/\/radiowebmx.com\/nota\/wp-json\/wp\/v2\/posts"}],"about":[{"href":"https:\/\/radiowebmx.com\/nota\/wp-json\/wp\/v2\/types\/post"}],"author":[{"embeddable":true,"href":"https:\/\/radiowebmx.com\/nota\/wp-json\/wp\/v2\/users\/1"}],"replies":[{"embeddable":true,"href":"https:\/\/radiowebmx.com\/nota\/wp-json\/wp\/v2\/comments?post=23302"}],"version-history":[{"count":1,"href":"https:\/\/radiowebmx.com\/nota\/wp-json\/wp\/v2\/posts\/23302\/revisions"}],"predecessor-version":[{"id":23304,"href":"https:\/\/radiowebmx.com\/nota\/wp-json\/wp\/v2\/posts\/23302\/revisions\/23304"}],"wp:featuredmedia":[{"embeddable":true,"href":"https:\/\/radiowebmx.com\/nota\/wp-json\/wp\/v2\/media\/23303"}],"wp:attachment":[{"href":"https:\/\/radiowebmx.com\/nota\/wp-json\/wp\/v2\/media?parent=23302"}],"wp:term":[{"taxonomy":"category","embeddable":true,"href":"https:\/\/radiowebmx.com\/nota\/wp-json\/wp\/v2\/categories?post=23302"},{"taxonomy":"post_tag","embeddable":true,"href":"https:\/\/radiowebmx.com\/nota\/wp-json\/wp\/v2\/tags?post=23302"}],"curies":[{"name":"wp","href":"https:\/\/api.w.org\/{rel}","templated":true}]}}