{"id":23286,"date":"2016-05-10T12:08:59","date_gmt":"2016-05-10T17:08:59","guid":{"rendered":"https:\/\/radiowebmx.com\/nota\/?p=23286"},"modified":"2016-05-10T12:09:11","modified_gmt":"2016-05-10T17:09:11","slug":"un-exito-la-exposicion-y-venta-primaveral-de-orquideas-2016","status":"publish","type":"post","link":"https:\/\/radiowebmx.com\/nota\/un-exito-la-exposicion-y-venta-primaveral-de-orquideas-2016\/","title":{"rendered":"Un \u00e9xito, la Exposici\u00f3n y Venta Primaveral de Orqu\u00eddeas 2016"},"content":{"rendered":"<p><a href=\"https:\/\/radiowebmx.com\/nota\/wp-content\/uploads\/2016\/05\/994360de-2598-4638-9901-dd5c56738466.jpg\"><img loading=\"lazy\" decoding=\"async\" class=\"alignleft size-full wp-image-23287\" src=\"https:\/\/radiowebmx.com\/nota\/wp-content\/uploads\/2016\/05\/994360de-2598-4638-9901-dd5c56738466.jpg\" alt=\"994360de-2598-4638-9901-dd5c56738466\" width=\"591\" height=\"332\" srcset=\"https:\/\/radiowebmx.com\/nota\/wp-content\/uploads\/2016\/05\/994360de-2598-4638-9901-dd5c56738466.jpg 591w, https:\/\/radiowebmx.com\/nota\/wp-content\/uploads\/2016\/05\/994360de-2598-4638-9901-dd5c56738466-300x169.jpg 300w, https:\/\/radiowebmx.com\/nota\/wp-content\/uploads\/2016\/05\/994360de-2598-4638-9901-dd5c56738466-128x72.jpg 128w\" sizes=\"auto, (max-width: 591px) 100vw, 591px\" \/><\/a>Del 5 al 8 de mayo, el Centro de Convenciones de Morelia, a trav\u00e9s del Orquidario Dr. y Gral. Alberto Oviedo Mota, realiz\u00f3 una edici\u00f3n m\u00e1s de la Exposici\u00f3n y Venta Primaveral de Orqu\u00eddeas 2016, la cual tuvo lugar en el Jard\u00edn del Orquidario con los objetivos de promover el cuidado y conservaci\u00f3n de estas plantas e impulsar la econom\u00eda de los distintos productores del pa\u00eds y del estado, as\u00ed como de los expositores de otros productos.<\/p>\n<p>En esta edici\u00f3n se cont\u00f3 con la participaci\u00f3n de productores y vendedores de diversos estados de la Rep\u00fablica, como Veracruz, Morelos, Jalisco y Michoac\u00e1n.<\/p>\n<p>Adem\u00e1s, se exhibieron m\u00e1s de 223 ejemplares de orqu\u00eddeas, tanto\u00a0 h\u00edbridas como silvestres de distintos g\u00e9neros, como Cattleya, Laelia, Encyclia y Oncidium, entre otras.<\/p>\n<p>Asimismo, se ofrecieron talleres de cultivo, talleres infantiles y talleres de separaci\u00f3n de residuos. De igual forma, se cont\u00f3 con las presentaciones musicales del pianista Marco Garc\u00eda Z\u00fa\u00f1iga y del cuarteto Libitum de la Secretar\u00eda de Cultura de Michoac\u00e1n.<\/p>\n<p>La Exposici\u00f3n y Venta Primaveral de Orqu\u00eddeas 2016 registr\u00f3 una afluencia de m\u00e1s de 4 mil 300 visitantes de varias regiones del pa\u00eds, siendo Morelia un referente tanto para los productores como para los coleccionistas y amantes de las orqu\u00eddeas.<\/p>\n","protected":false},"excerpt":{"rendered":"<p>Del 5 al 8 de mayo, el Centro de Convenciones de Morelia, a trav\u00e9s del Orquidario Dr. y Gral. Alberto Oviedo Mota, realiz\u00f3 una edici\u00f3n m\u00e1s de la Exposici\u00f3n y Venta Primaveral de Orqu\u00eddeas 2016,<\/p>\n","protected":false},"author":1,"featured_media":23287,"comment_status":"open","ping_status":"open","sticky":false,"template":"","format":"standard","meta":{"footnotes":""},"categories":[14,3],"tags":[],"class_list":["post-23286","post","type-post","status-publish","format-standard","has-post-thumbnail","hentry","category-destacadas","category-gobierno-del-estado-de-michoacan"],"_links":{"self":[{"href":"https:\/\/radiowebmx.com\/nota\/wp-json\/wp\/v2\/posts\/23286","targetHints":{"allow":["GET"]}}],"collection":[{"href":"https:\/\/radiowebmx.com\/nota\/wp-json\/wp\/v2\/posts"}],"about":[{"href":"https:\/\/radiowebmx.com\/nota\/wp-json\/wp\/v2\/types\/post"}],"author":[{"embeddable":true,"href":"https:\/\/radiowebmx.com\/nota\/wp-json\/wp\/v2\/users\/1"}],"replies":[{"embeddable":true,"href":"https:\/\/radiowebmx.com\/nota\/wp-json\/wp\/v2\/comments?post=23286"}],"version-history":[{"count":1,"href":"https:\/\/radiowebmx.com\/nota\/wp-json\/wp\/v2\/posts\/23286\/revisions"}],"predecessor-version":[{"id":23288,"href":"https:\/\/radiowebmx.com\/nota\/wp-json\/wp\/v2\/posts\/23286\/revisions\/23288"}],"wp:featuredmedia":[{"embeddable":true,"href":"https:\/\/radiowebmx.com\/nota\/wp-json\/wp\/v2\/media\/23287"}],"wp:attachment":[{"href":"https:\/\/radiowebmx.com\/nota\/wp-json\/wp\/v2\/media?parent=23286"}],"wp:term":[{"taxonomy":"category","embeddable":true,"href":"https:\/\/radiowebmx.com\/nota\/wp-json\/wp\/v2\/categories?post=23286"},{"taxonomy":"post_tag","embeddable":true,"href":"https:\/\/radiowebmx.com\/nota\/wp-json\/wp\/v2\/tags?post=23286"}],"curies":[{"name":"wp","href":"https:\/\/api.w.org\/{rel}","templated":true}]}}