{"id":23280,"date":"2016-05-10T11:59:11","date_gmt":"2016-05-10T16:59:11","guid":{"rendered":"https:\/\/radiowebmx.com\/nota\/?p=23280"},"modified":"2016-05-10T11:59:11","modified_gmt":"2016-05-10T16:59:11","slug":"el-cobaem-presente-en-la-primera-reunion-nacional-de-directores-generales-de-colegios-de-bachilleres-2016","status":"publish","type":"post","link":"https:\/\/radiowebmx.com\/nota\/el-cobaem-presente-en-la-primera-reunion-nacional-de-directores-generales-de-colegios-de-bachilleres-2016\/","title":{"rendered":"El Cobaem, presente en la primera reuni\u00f3n nacional de directores generales de Colegios de Bachilleres 2016"},"content":{"rendered":"<p><a href=\"https:\/\/radiowebmx.com\/nota\/wp-content\/uploads\/2016\/05\/2bf76565-2e8b-4076-aa70-45b4d91ef103.jpg\"><img loading=\"lazy\" decoding=\"async\" class=\"alignleft size-full wp-image-23281\" src=\"https:\/\/radiowebmx.com\/nota\/wp-content\/uploads\/2016\/05\/2bf76565-2e8b-4076-aa70-45b4d91ef103.jpg\" alt=\"2bf76565-2e8b-4076-aa70-45b4d91ef103\" width=\"591\" height=\"295\" srcset=\"https:\/\/radiowebmx.com\/nota\/wp-content\/uploads\/2016\/05\/2bf76565-2e8b-4076-aa70-45b4d91ef103.jpg 591w, https:\/\/radiowebmx.com\/nota\/wp-content\/uploads\/2016\/05\/2bf76565-2e8b-4076-aa70-45b4d91ef103-300x150.jpg 300w\" sizes=\"auto, (max-width: 591px) 100vw, 591px\" \/><\/a>Veintiocho directores generales de los Colegios de Bachilleres del pa\u00eds se reunieron en esta ciudad para llevar a cabo la primera reuni\u00f3n nacional del 2016 convocada por la Direcci\u00f3n General del Bachillerato, que encabeza Carlos Santos Ancira.<\/p>\n<p>La reuni\u00f3n se dio en seguimiento a la \u00faltima reuni\u00f3n celebrada en octubre del a\u00f1o pasado, realizada en Chihuahua, Chihuahua, y se analizaron aspectos como los avances en la estrategia para la mejora del logro acad\u00e9mico, la formaci\u00f3n docente y profesionalizaci\u00f3n de la gesti\u00f3n en el marco del Servicio Profesional Docente.<\/p>\n<p>De igual forma, se habl\u00f3 sobre el informe de avance en el proceso de revisi\u00f3n y actualizaci\u00f3n de Programas de Estudio de Bachillerato General, as\u00ed como el Sistema Nacional del Bachillerato y la mejora de la calidad educativa.<\/p>\n<p>El director general del Colegio de Bachilleres del Estado de Michoac\u00e1n (Cobaem), Alejandro Bustos Aguilar, se\u00f1al\u00f3 que esta primera reuni\u00f3n del a\u00f1o en curso es de suma importancia, pues se abordaron temas de gran inter\u00e9s educativo.<\/p>\n<p>\u201cEl Cobaem continua trabajando para lograr los objetivos trazados en la educaci\u00f3n media superior del estado y cumplir cabalmente con los lineamientos marcados por el Gobernador de Michoac\u00e1n, Silvano Aureoles Conejo, quien nos ha encomendado dar el 100 por ciento para que la juventud michoacana goce de los beneficios de la educaci\u00f3n p\u00fablica\u201d, apunt\u00f3.<\/p>\n","protected":false},"excerpt":{"rendered":"<p>Veintiocho directores generales de los Colegios de Bachilleres del pa\u00eds se reunieron en esta ciudad para llevar a cabo la primera reuni\u00f3n nacional del 2016 convocada por la Direcci\u00f3n General del Bachillerato, que encabeza Carlos Santos Ancira.<\/p>\n","protected":false},"author":1,"featured_media":23281,"comment_status":"open","ping_status":"open","sticky":false,"template":"","format":"standard","meta":{"footnotes":""},"categories":[14,3],"tags":[],"class_list":["post-23280","post","type-post","status-publish","format-standard","has-post-thumbnail","hentry","category-destacadas","category-gobierno-del-estado-de-michoacan"],"_links":{"self":[{"href":"https:\/\/radiowebmx.com\/nota\/wp-json\/wp\/v2\/posts\/23280","targetHints":{"allow":["GET"]}}],"collection":[{"href":"https:\/\/radiowebmx.com\/nota\/wp-json\/wp\/v2\/posts"}],"about":[{"href":"https:\/\/radiowebmx.com\/nota\/wp-json\/wp\/v2\/types\/post"}],"author":[{"embeddable":true,"href":"https:\/\/radiowebmx.com\/nota\/wp-json\/wp\/v2\/users\/1"}],"replies":[{"embeddable":true,"href":"https:\/\/radiowebmx.com\/nota\/wp-json\/wp\/v2\/comments?post=23280"}],"version-history":[{"count":1,"href":"https:\/\/radiowebmx.com\/nota\/wp-json\/wp\/v2\/posts\/23280\/revisions"}],"predecessor-version":[{"id":23282,"href":"https:\/\/radiowebmx.com\/nota\/wp-json\/wp\/v2\/posts\/23280\/revisions\/23282"}],"wp:featuredmedia":[{"embeddable":true,"href":"https:\/\/radiowebmx.com\/nota\/wp-json\/wp\/v2\/media\/23281"}],"wp:attachment":[{"href":"https:\/\/radiowebmx.com\/nota\/wp-json\/wp\/v2\/media?parent=23280"}],"wp:term":[{"taxonomy":"category","embeddable":true,"href":"https:\/\/radiowebmx.com\/nota\/wp-json\/wp\/v2\/categories?post=23280"},{"taxonomy":"post_tag","embeddable":true,"href":"https:\/\/radiowebmx.com\/nota\/wp-json\/wp\/v2\/tags?post=23280"}],"curies":[{"name":"wp","href":"https:\/\/api.w.org\/{rel}","templated":true}]}}