{"id":23238,"date":"2016-05-09T12:48:08","date_gmt":"2016-05-09T17:48:08","guid":{"rendered":"https:\/\/radiowebmx.com\/nota\/?p=23238"},"modified":"2016-05-09T12:48:08","modified_gmt":"2016-05-09T17:48:08","slug":"con-educacion-se-abate-la-inseguridad-y-la-violencia-silvano-aureoles","status":"publish","type":"post","link":"https:\/\/radiowebmx.com\/nota\/con-educacion-se-abate-la-inseguridad-y-la-violencia-silvano-aureoles\/","title":{"rendered":"Con educaci\u00f3n se abate la inseguridad y la violencia: Silvano Aureoles"},"content":{"rendered":"<p><a href=\"https:\/\/radiowebmx.com\/nota\/wp-content\/uploads\/2016\/05\/c7307608-e210-4447-9de3-729241cce491.jpg\"><img loading=\"lazy\" decoding=\"async\" class=\"alignleft size-full wp-image-23239\" src=\"https:\/\/radiowebmx.com\/nota\/wp-content\/uploads\/2016\/05\/c7307608-e210-4447-9de3-729241cce491.jpg\" alt=\"c7307608-e210-4447-9de3-729241cce491\" width=\"591\" height=\"280\" srcset=\"https:\/\/radiowebmx.com\/nota\/wp-content\/uploads\/2016\/05\/c7307608-e210-4447-9de3-729241cce491.jpg 591w, https:\/\/radiowebmx.com\/nota\/wp-content\/uploads\/2016\/05\/c7307608-e210-4447-9de3-729241cce491-300x142.jpg 300w\" sizes=\"auto, (max-width: 591px) 100vw, 591px\" \/><\/a>Con educaci\u00f3n se abaten los problemas de inseguridad, de violencia y de inestabilidad social, afirm\u00f3 el Gobernador del Estado, Silvano Aureoles Conejo, al hacer entrega junto con el secretario de Educaci\u00f3n\u00a0 P\u00fablica federal, Aurelio Nu\u00f1o Mayer, de apoyos del Programa Beca Futuro a m\u00e1s de mil 600 j\u00f3venes del Oriente michoacano.<\/p>\n<p>En gira de trabajo, el mandatario tambi\u00e9n sign\u00f3 el Decreto de creaci\u00f3n del Programa Estatal Integral de Certificaciones y Regularizaci\u00f3n del Estado Civil para Grupos Vulnerables, ya que el centro de su Gobierno son las personas en situaci\u00f3n de precariedad.<\/p>\n<p>Silvano Aureoles y Aurelio Nu\u00f1o, entregaron becas a estudiantes originarios de los municipios de Zit\u00e1cuaro, Tuxpan, Jungapeo, Ocampo y Benito Ju\u00e1rez, marco en el que el Gobernador reconoci\u00f3 la presencia del titular de la SEP, y el apoyo otorgado por la Federaci\u00f3n para la puesta en marcha de Beca Futuro, tras se\u00f1alar que para ambos \u00f3rdenes de gobierno, la educaci\u00f3n de calidad es un tema central.<\/p>\n<p>Abund\u00f3 que la educaci\u00f3n permitir\u00e1 transformar las cosas y generar las condiciones para el acceso a la justicia social, puesto que la escuela p\u00fablica, permite emparejar el terreno entre las clases sociales y en las aulas las ni\u00f1as, ni\u00f1os y j\u00f3venes van a obtener las herramientas y las habilidades para hacerle frente al futuro, por ello, ratific\u00f3 su determinaci\u00f3n de cuidar este rubro por encima de cualquier otro inter\u00e9s.<\/p>\n<p>Al se\u00f1alar que en su administraci\u00f3n se est\u00e1n construyendo pol\u00edticas p\u00fablicas para brindarle soluciones a la juventud para que se preparen y puedan tener un futuro mejor, detall\u00f3 que Beca Futuro permitir\u00e1 que miles de j\u00f3venes contin\u00faen sus estudios, pues el objetivo es que durante el presente a\u00f1o se beneficie a 50 mil mujeres y hombres, a quienes invit\u00f3 a aprovechar el recurso otorgado.<\/p>\n<p>En su turno, el secretario de Educaci\u00f3n P\u00fablica, Aurelio Nu\u00f1o, felicit\u00f3 al Gobernador Silvano Aureoles por la puesta en marcha de Beca Futuro, con quien dijo, est\u00e1n haciendo equipo porque ambos est\u00e1n convencidos que no hay nada m\u00e1s importante para poder transformar la vida de las personas y de M\u00e9xico que la educaci\u00f3n.<\/p>\n<p>En su segunda visita a Michoac\u00e1n en menos de 15 d\u00edas, calific\u00f3 como una gran acci\u00f3n la entrega de becas que beneficiar\u00e1n en esta primera etapa a cerca de 34 mil j\u00f3venes.<\/p>\n<p>Sostuvo que el Gobierno de la Rep\u00fablica ha puesto especial \u00e9nfasis en este rubro, por lo que se estar\u00e1n invirtiendo 50 mil millones de pesos para mejorar las condiciones de 33 mil planteles en todo el pa\u00eds, y con ello contar con escuelas dignas. Cabe se\u00f1alar que de dicho monto, Michoac\u00e1n recibir\u00e1 mil 800 millones de pesos.<\/p>\n<p>Nu\u00f1o Mayer record\u00f3 que el pr\u00f3ximo 19 de mayo se realizar\u00e1 la segunda Evaluaci\u00f3n Educativa, para lo cual, se trabajar\u00e1 para que los maestros cumplan su responsabilidad y su derecho para ser mejores profesores.<\/p>\n<p>El secretario de Gobierno, Adri\u00e1n L\u00f3pez Sol\u00eds, apunt\u00f3 que Beca Futuro busca poner en manos de los j\u00f3venes las oportunidades para que puedan salir adelante en el presente y puedan ser mejores ciudadanos en el futuro.<\/p>\n<p>En tanto, el alcalde de Zit\u00e1cuaro, Carlos Herrera Tello, sostuvo que es muy motivante que a escasos meses de que el Gobernador haya hecho un compromiso de apoyo irrestricto al tema de educaci\u00f3n, hoy se tengan resultados tangibles como es Beca Futuro,\u00a0 que habr\u00e1 de evitar la deserci\u00f3n escolar y mantener el mayor n\u00famero de estudiantes en las instituciones educativas, por lo que agradeci\u00f3 las m\u00e1s de mil 600 becas asignadas a cinco municipios del Oriente.<\/p>\n<p><strong>Arranca Programa Estatal Integral de Certificaciones y Regularizaci\u00f3n del Estado Civil<\/strong><\/p>\n<p>Durante la gira, el mandatario Silvano Aureoles tambi\u00e9n sign\u00f3 el Decreto de creaci\u00f3n del Programa Estatal Integral de Certificaciones y Regularizaci\u00f3n del Estado Civil para Grupos Vulnerables, que constituye una pol\u00edtica p\u00fablica de car\u00e1cter transversal y es \u00fanico en su naturaleza.<\/p>\n<p>El Gobernador resalt\u00f3 la importancia de esta acci\u00f3n, que permitir\u00e1 regularizar la situaci\u00f3n civil de las personas con alg\u00fan grado de vulnerabilidad y darles certeza jur\u00eddica a ellos y a sus familias.<\/p>\n<p>Indic\u00f3 que con este programa el servicio de actas de matrimonio, regularizaci\u00f3n y correcci\u00f3n de actas de nacimiento, ser\u00e1 gratuito para las personas que m\u00e1s lo requieran, al reiterar que en su administraci\u00f3n se seguir\u00e1 fortaleciendo el trabajo para atender las demandas sociales.<\/p>\n<p>De acuerdo con el director del Registro Civil,\u00a0 Hugo Gama Coria, a trav\u00e9s de esta acci\u00f3n, las personas beneficiadas ser\u00e1n subsidiadas por el Estado en los tr\u00e1mites que realicen en la instituci\u00f3n a su cargo.<\/p>\n","protected":false},"excerpt":{"rendered":"<p>Con educaci\u00f3n se abaten los problemas de inseguridad, de violencia y de inestabilidad social, afirm\u00f3 el Gobernador del Estado, Silvano Aureoles Conejo, al hacer entrega junto con el secretario de Educaci\u00f3n  P\u00fablica federal, Aurelio Nu\u00f1o Mayer, <\/p>\n","protected":false},"author":1,"featured_media":23239,"comment_status":"open","ping_status":"open","sticky":false,"template":"","format":"standard","meta":{"footnotes":""},"categories":[14,3],"tags":[],"class_list":["post-23238","post","type-post","status-publish","format-standard","has-post-thumbnail","hentry","category-destacadas","category-gobierno-del-estado-de-michoacan"],"_links":{"self":[{"href":"https:\/\/radiowebmx.com\/nota\/wp-json\/wp\/v2\/posts\/23238","targetHints":{"allow":["GET"]}}],"collection":[{"href":"https:\/\/radiowebmx.com\/nota\/wp-json\/wp\/v2\/posts"}],"about":[{"href":"https:\/\/radiowebmx.com\/nota\/wp-json\/wp\/v2\/types\/post"}],"author":[{"embeddable":true,"href":"https:\/\/radiowebmx.com\/nota\/wp-json\/wp\/v2\/users\/1"}],"replies":[{"embeddable":true,"href":"https:\/\/radiowebmx.com\/nota\/wp-json\/wp\/v2\/comments?post=23238"}],"version-history":[{"count":1,"href":"https:\/\/radiowebmx.com\/nota\/wp-json\/wp\/v2\/posts\/23238\/revisions"}],"predecessor-version":[{"id":23240,"href":"https:\/\/radiowebmx.com\/nota\/wp-json\/wp\/v2\/posts\/23238\/revisions\/23240"}],"wp:featuredmedia":[{"embeddable":true,"href":"https:\/\/radiowebmx.com\/nota\/wp-json\/wp\/v2\/media\/23239"}],"wp:attachment":[{"href":"https:\/\/radiowebmx.com\/nota\/wp-json\/wp\/v2\/media?parent=23238"}],"wp:term":[{"taxonomy":"category","embeddable":true,"href":"https:\/\/radiowebmx.com\/nota\/wp-json\/wp\/v2\/categories?post=23238"},{"taxonomy":"post_tag","embeddable":true,"href":"https:\/\/radiowebmx.com\/nota\/wp-json\/wp\/v2\/tags?post=23238"}],"curies":[{"name":"wp","href":"https:\/\/api.w.org\/{rel}","templated":true}]}}