{"id":23230,"date":"2016-05-09T12:07:37","date_gmt":"2016-05-09T17:07:37","guid":{"rendered":"https:\/\/radiowebmx.com\/nota\/?p=23230"},"modified":"2016-05-09T12:23:43","modified_gmt":"2016-05-09T17:23:43","slug":"servicios-de-salud-de-alto-nivel-para-una-mejor-calidad-de-vida-adriana-hernandez","status":"publish","type":"post","link":"https:\/\/radiowebmx.com\/nota\/servicios-de-salud-de-alto-nivel-para-una-mejor-calidad-de-vida-adriana-hernandez\/","title":{"rendered":"Servicios de salud de alto nivel, para una mejor calidad de vida: Adriana Hern\u00e1ndez"},"content":{"rendered":"<p class=\"x_MsoNormal\"><span lang=\"ES-TRAD\"><a href=\"https:\/\/radiowebmx.com\/nota\/wp-content\/uploads\/2016\/05\/DSCF8785.jpg\"><img loading=\"lazy\" decoding=\"async\" class=\"alignleft size-full wp-image-23231\" src=\"https:\/\/radiowebmx.com\/nota\/wp-content\/uploads\/2016\/05\/DSCF8785.jpg\" alt=\"DSCF8785\" width=\"591\" height=\"286\" srcset=\"https:\/\/radiowebmx.com\/nota\/wp-content\/uploads\/2016\/05\/DSCF8785.jpg 591w, https:\/\/radiowebmx.com\/nota\/wp-content\/uploads\/2016\/05\/DSCF8785-300x145.jpg 300w\" sizes=\"auto, (max-width: 591px) 100vw, 591px\" \/><\/a>Los trabajadores y derechohabientes del Instituto Mexicano del Seguro Social, al igual que todos los michoacanos, tienen derecho a recibir servicios de salud de alto nivel, que les permitan mejorar su calidad de vida, ante los padecimientos que tienen que enfrentar y las instituciones gubernamentales est\u00e1n obligadas a satisfacer esa necesidad, afirm\u00f3 la diputada Adriana Hern\u00e1ndez \u00cd\u00f1iguez.<\/span><\/p>\n<p class=\"x_MsoNormal\"><span lang=\"ES-TRAD\">\u00a0<\/span><\/p>\n<p class=\"x_MsoNormal\"><span lang=\"ES-TRAD\">La tambi\u00e9n coordinadora del Grupo Parlamentario del PRI, asegur\u00f3 lo anterior al asistir a la inauguraci\u00f3n de la Jornada Quir\u00fargica de Oftalmolog\u00eda que atender\u00e1 alrededor de 300 pacientes con problema de catarata, encabezada por el delegado del Instituto Mexicano del Seguro Social (IMSS) en Michoac\u00e1n, Rom\u00e1n Acosta Rosales.<\/span><\/p>\n<p class=\"x_MsoNormal\"><span lang=\"ES-TRAD\">\u00a0<\/span><\/p>\n<p class=\"x_MsoNormal\"><span lang=\"ES-TRAD\">A dicha actividad institucional, asistieron tambi\u00e9n las diputadas Rosa Mar\u00eda de la Torre Torres, Adriana Campos Huirache, Juanita Noem\u00ed Ram\u00edrez Bravo, la legisladora federal Rosa Alicia \u00c1lvarez Pi\u00f1ones y el presidente municipal Jos\u00e9 Carlos Lugo God\u00ednez.<\/span><\/p>\n<p class=\"x_MsoNormal\"><span lang=\"ES-TRAD\">\u00a0<\/span><\/p>\n<p class=\"x_MsoNormal\"><span lang=\"ES-TRAD\">Las legisladoras recorrieron el \u00e1rea de ginecolog\u00eda y obstetricia que recientemente fue remodelada, adem\u00e1s de constatar el alto nivel de servicio que se brinda a las pacientes. Para finalizar, visitaron a los trabajadores de la Sub-delegaci\u00f3n, en donde el delegado Rom\u00e1n Acosta Rosales anunci\u00f3 importantes proyectos en beneficio de los empleados y derechohabientes del instituto en esta regi\u00f3n.<\/span><\/p>\n<p class=\"x_MsoNormal\"><span lang=\"ES-TRAD\">\u00a0<\/span><\/p>\n<p class=\"x_MsoNormal\"><span lang=\"ES-TRAD\">Adriana Hern\u00e1ndez, diputada por el Distrito 01, con cabecera en La Piedad, reiter\u00f3 al delegado el respaldo y acompa\u00f1amiento del grupo parlamentario en toda acci\u00f3n enfocada al mejoramiento y ampliaci\u00f3n de los servicios para los trabajadores y derechohabientes del instituto.<\/span><\/p>\n","protected":false},"excerpt":{"rendered":"<p>Los trabajadores y derechohabientes del Instituto Mexicano del Seguro Social, al igual que todos los michoacanos, tienen derecho a recibir servicios de salud de alto nivel, <\/p>\n","protected":false},"author":1,"featured_media":23231,"comment_status":"open","ping_status":"open","sticky":false,"template":"","format":"standard","meta":{"footnotes":""},"categories":[6,14,7],"tags":[],"class_list":["post-23230","post","type-post","status-publish","format-standard","has-post-thumbnail","hentry","category-congreso-del-estado","category-destacadas","category-grupo-parlamentario-del-pri"],"_links":{"self":[{"href":"https:\/\/radiowebmx.com\/nota\/wp-json\/wp\/v2\/posts\/23230","targetHints":{"allow":["GET"]}}],"collection":[{"href":"https:\/\/radiowebmx.com\/nota\/wp-json\/wp\/v2\/posts"}],"about":[{"href":"https:\/\/radiowebmx.com\/nota\/wp-json\/wp\/v2\/types\/post"}],"author":[{"embeddable":true,"href":"https:\/\/radiowebmx.com\/nota\/wp-json\/wp\/v2\/users\/1"}],"replies":[{"embeddable":true,"href":"https:\/\/radiowebmx.com\/nota\/wp-json\/wp\/v2\/comments?post=23230"}],"version-history":[{"count":1,"href":"https:\/\/radiowebmx.com\/nota\/wp-json\/wp\/v2\/posts\/23230\/revisions"}],"predecessor-version":[{"id":23232,"href":"https:\/\/radiowebmx.com\/nota\/wp-json\/wp\/v2\/posts\/23230\/revisions\/23232"}],"wp:featuredmedia":[{"embeddable":true,"href":"https:\/\/radiowebmx.com\/nota\/wp-json\/wp\/v2\/media\/23231"}],"wp:attachment":[{"href":"https:\/\/radiowebmx.com\/nota\/wp-json\/wp\/v2\/media?parent=23230"}],"wp:term":[{"taxonomy":"category","embeddable":true,"href":"https:\/\/radiowebmx.com\/nota\/wp-json\/wp\/v2\/categories?post=23230"},{"taxonomy":"post_tag","embeddable":true,"href":"https:\/\/radiowebmx.com\/nota\/wp-json\/wp\/v2\/tags?post=23230"}],"curies":[{"name":"wp","href":"https:\/\/api.w.org\/{rel}","templated":true}]}}