{"id":23220,"date":"2016-05-06T21:49:11","date_gmt":"2016-05-07T02:49:11","guid":{"rendered":"https:\/\/radiowebmx.com\/nota\/?p=23220"},"modified":"2016-05-06T21:49:11","modified_gmt":"2016-05-07T02:49:11","slug":"realiza-dif-morelia-actividades-con-motivo-del-dia-de-las-madres","status":"publish","type":"post","link":"https:\/\/radiowebmx.com\/nota\/realiza-dif-morelia-actividades-con-motivo-del-dia-de-las-madres\/","title":{"rendered":"Realiza DIF Morelia actividades con motivo del D\u00eda de las Madres"},"content":{"rendered":"<p><a href=\"https:\/\/radiowebmx.com\/nota\/wp-content\/uploads\/2016\/05\/7daaf776-3fb5-478b-90b6-37e95951996a.jpg\"><img loading=\"lazy\" decoding=\"async\" class=\"alignleft size-full wp-image-23221\" src=\"https:\/\/radiowebmx.com\/nota\/wp-content\/uploads\/2016\/05\/7daaf776-3fb5-478b-90b6-37e95951996a.jpg\" alt=\"7daaf776-3fb5-478b-90b6-37e95951996a\" width=\"591\" height=\"326\" srcset=\"https:\/\/radiowebmx.com\/nota\/wp-content\/uploads\/2016\/05\/7daaf776-3fb5-478b-90b6-37e95951996a.jpg 591w, https:\/\/radiowebmx.com\/nota\/wp-content\/uploads\/2016\/05\/7daaf776-3fb5-478b-90b6-37e95951996a-300x165.jpg 300w, https:\/\/radiowebmx.com\/nota\/wp-content\/uploads\/2016\/05\/7daaf776-3fb5-478b-90b6-37e95951996a-284x158.jpg 284w, https:\/\/radiowebmx.com\/nota\/wp-content\/uploads\/2016\/05\/7daaf776-3fb5-478b-90b6-37e95951996a-128x72.jpg 128w\" sizes=\"auto, (max-width: 591px) 100vw, 591px\" \/><\/a>Como parte de las acciones que el DIF Morelia realiza con motivo del D\u00eda de las Madres a celebrarse el pr\u00f3ximo 10 de mayo, el personal de los Centros de Capacitaci\u00f3n para el Desarrollo (CECADES) y del Asilo \u201cMiguel Hidalgo\u201d, llevaron a cabo dos actividades conmemorativas a beneficio de las madres morelianas.<\/p>\n<p>La primer actividad fue la entrega de regalos a nombre de la Presidenta Honoraria del DIF Morelia, Paola Delgadillo de Mart\u00ednez, los cuales conten\u00edan ropa y accesorios de beb\u00e9 nuevos para mujeres del Hospital Civil y del Hospital de la Mujer, que dieron a luz en las \u00faltimas horas.<\/p>\n<p>La entrega estuvo encabezada por la Directora de programas del DIF Morelia, Eva Luisa Guzm\u00e1n Cuevas y participaron seis de las maestras de los CECADES, as\u00ed como trabajadores del DIF Morelia, con el apoyo de las autoridades m\u00e9dicas de ambos nosocomios.<\/p>\n<p>Los productos fueron otorgados por iniciativa de las propias instructoras de CECADES, quienes hoy cumplieron 20 a\u00f1os coordinando esta actividad.<\/p>\n<p>La segunda actividad consisti\u00f3 en un banquete otorgado para las madres que residen en el Asilo \u201cMiguel Hidalgo\u201d, donde estuvieron acompa\u00f1adas de sus familiares y amigos, organizado por la Directora de este centro de asistencia social, Cristina Oseguera.<\/p>\n<p>En el evento, se recibieron, a cerca de 60 personas que por m\u00e1s de tres horas disfrutaron de la comida, mariachis y ambiente festivo que se realiz\u00f3 en honor a las mujeres mayores que tambi\u00e9n son madres y que residen bajo los cuidados del DIF Morelia a trav\u00e9s del Asilo \u201cMiguel Hidalgo\u201d.<\/p>\n","protected":false},"excerpt":{"rendered":"<p>Como parte de las acciones que el DIF Morelia realiza con motivo del D\u00eda de las Madres a celebrarse el pr\u00f3ximo 10 de mayo, el personal de los Centros de Capacitaci\u00f3n para el Desarrollo CECADES y del Asilo \u201cMiguel Hidalgo\u201d,<\/p>\n","protected":false},"author":1,"featured_media":23221,"comment_status":"open","ping_status":"open","sticky":false,"template":"","format":"standard","meta":{"footnotes":""},"categories":[14,9],"tags":[],"class_list":["post-23220","post","type-post","status-publish","format-standard","has-post-thumbnail","hentry","category-destacadas","category-morelia"],"_links":{"self":[{"href":"https:\/\/radiowebmx.com\/nota\/wp-json\/wp\/v2\/posts\/23220","targetHints":{"allow":["GET"]}}],"collection":[{"href":"https:\/\/radiowebmx.com\/nota\/wp-json\/wp\/v2\/posts"}],"about":[{"href":"https:\/\/radiowebmx.com\/nota\/wp-json\/wp\/v2\/types\/post"}],"author":[{"embeddable":true,"href":"https:\/\/radiowebmx.com\/nota\/wp-json\/wp\/v2\/users\/1"}],"replies":[{"embeddable":true,"href":"https:\/\/radiowebmx.com\/nota\/wp-json\/wp\/v2\/comments?post=23220"}],"version-history":[{"count":1,"href":"https:\/\/radiowebmx.com\/nota\/wp-json\/wp\/v2\/posts\/23220\/revisions"}],"predecessor-version":[{"id":23222,"href":"https:\/\/radiowebmx.com\/nota\/wp-json\/wp\/v2\/posts\/23220\/revisions\/23222"}],"wp:featuredmedia":[{"embeddable":true,"href":"https:\/\/radiowebmx.com\/nota\/wp-json\/wp\/v2\/media\/23221"}],"wp:attachment":[{"href":"https:\/\/radiowebmx.com\/nota\/wp-json\/wp\/v2\/media?parent=23220"}],"wp:term":[{"taxonomy":"category","embeddable":true,"href":"https:\/\/radiowebmx.com\/nota\/wp-json\/wp\/v2\/categories?post=23220"},{"taxonomy":"post_tag","embeddable":true,"href":"https:\/\/radiowebmx.com\/nota\/wp-json\/wp\/v2\/tags?post=23220"}],"curies":[{"name":"wp","href":"https:\/\/api.w.org\/{rel}","templated":true}]}}