{"id":23217,"date":"2016-05-06T21:43:16","date_gmt":"2016-05-07T02:43:16","guid":{"rendered":"https:\/\/radiowebmx.com\/nota\/?p=23217"},"modified":"2016-05-06T21:43:16","modified_gmt":"2016-05-07T02:43:16","slug":"firma-smrtv-manifiesto-contra-el-racismo-y-la-discriminacion","status":"publish","type":"post","link":"https:\/\/radiowebmx.com\/nota\/firma-smrtv-manifiesto-contra-el-racismo-y-la-discriminacion\/","title":{"rendered":"Firma SMRTV manifiesto contra el racismo y la discriminaci\u00f3n"},"content":{"rendered":"<p><a href=\"https:\/\/radiowebmx.com\/nota\/wp-content\/uploads\/2016\/05\/f3f76801-0c86-4c45-9ed7-4e6a7128b78f.jpg\"><img loading=\"lazy\" decoding=\"async\" class=\"alignleft size-full wp-image-23218\" src=\"https:\/\/radiowebmx.com\/nota\/wp-content\/uploads\/2016\/05\/f3f76801-0c86-4c45-9ed7-4e6a7128b78f.jpg\" alt=\"f3f76801-0c86-4c45-9ed7-4e6a7128b78f\" width=\"591\" height=\"311\" srcset=\"https:\/\/radiowebmx.com\/nota\/wp-content\/uploads\/2016\/05\/f3f76801-0c86-4c45-9ed7-4e6a7128b78f.jpg 591w, https:\/\/radiowebmx.com\/nota\/wp-content\/uploads\/2016\/05\/f3f76801-0c86-4c45-9ed7-4e6a7128b78f-300x158.jpg 300w\" sizes=\"auto, (max-width: 591px) 100vw, 591px\" \/><\/a>En la XXII Asamblea General Ordinaria de la Red de Radiodifusoras y Televisoras Educativas y Culturales de M\u00e9xico A.C., a la que asisti\u00f3 la directora del Sistema Michoacano de Radio y Televisi\u00f3n (SMRTV), Gabriela Molina Aguilar, fue signado un manifiesto que rechaza las expresiones discriminatorias, raciales y xenof\u00f3bicas por parte de personajes u organizaciones en Estados Unidos, particularmente el precandidato Donald Trump, contra las y los migrantes mexicanos.<\/p>\n<p>Los directivos de los medios p\u00fablicos del pa\u00eds consideran negativo el \u201cdiscurso de odio\u201d utilizado por el aspirante a la candidatura del Partido Republicano a la Presidencia de Estados Unidos, por lo cual tomaron la decisi\u00f3n de expresar su rechazo a este tipo de manifestaciones a trav\u00e9s de la firma de este documento, que plasma la defensa de la identidad nacional de los migrantes.<\/p>\n<p>Cabe destacar que el manifiesto tambi\u00e9n reconoce a Ciudad Ju\u00e1rez, Chihuahua, como un espacio vital para la comunidad y para el desarrollo de los medios p\u00fablicos y sociales.<\/p>\n<p>Como parte de los trabajos, el SMRTV aprovech\u00f3 esta reuni\u00f3n para estrechar lazos con otros medios de comunicaci\u00f3n p\u00fablicos para la transmisi\u00f3n de nuevos programas que con toda seguridad ser\u00e1n atractivos para las y los michoacanos.<\/p>\n<p>Al respecto, Gabriela Molina Aguilar destac\u00f3 la transmisi\u00f3n en la entidad de programas de la televisi\u00f3n japonesa y del documental Danzantes de D\u00edas, producido por la Universidad de Ciudad Ju\u00e1rez (UACJ) y que explora el rito de la danza de la tradici\u00f3n mexica como medio de conexi\u00f3n entre los humanos y el mundo que los rodea.<\/p>\n<p>La funcionaria estatal habl\u00f3 de los retos de contar con contenidos de calidad y competitivos para los diferentes sectores de la poblaci\u00f3n, entre ellos, los j\u00f3venes, ya que estudios recientes revelan que pasan un promedio de 6 horas frente a dispositivos m\u00f3viles.<\/p>\n<p>Destac\u00f3 que esta reuni\u00f3n de trabajo fue productiva para la televisi\u00f3n p\u00fablica de la entidad, gracias a las alianzas obtenidas que permitir\u00e1n a las y los michoacanos ver y escuchar programas educativos y culturales que la televisi\u00f3n privada no transmite.<\/p>\n","protected":false},"excerpt":{"rendered":"<p>En la XXII Asamblea General Ordinaria de la Red de Radiodifusoras y Televisoras Educativas y Culturales de M\u00e9xico A.C., a la que asisti\u00f3 la directora del SMRTV, Gabriela Molina Aguilar, fue signado un manifiesto que rechaza las expresiones discriminatorias, <\/p>\n","protected":false},"author":1,"featured_media":23218,"comment_status":"open","ping_status":"open","sticky":false,"template":"","format":"standard","meta":{"footnotes":""},"categories":[14,3],"tags":[],"class_list":["post-23217","post","type-post","status-publish","format-standard","has-post-thumbnail","hentry","category-destacadas","category-gobierno-del-estado-de-michoacan"],"_links":{"self":[{"href":"https:\/\/radiowebmx.com\/nota\/wp-json\/wp\/v2\/posts\/23217","targetHints":{"allow":["GET"]}}],"collection":[{"href":"https:\/\/radiowebmx.com\/nota\/wp-json\/wp\/v2\/posts"}],"about":[{"href":"https:\/\/radiowebmx.com\/nota\/wp-json\/wp\/v2\/types\/post"}],"author":[{"embeddable":true,"href":"https:\/\/radiowebmx.com\/nota\/wp-json\/wp\/v2\/users\/1"}],"replies":[{"embeddable":true,"href":"https:\/\/radiowebmx.com\/nota\/wp-json\/wp\/v2\/comments?post=23217"}],"version-history":[{"count":1,"href":"https:\/\/radiowebmx.com\/nota\/wp-json\/wp\/v2\/posts\/23217\/revisions"}],"predecessor-version":[{"id":23219,"href":"https:\/\/radiowebmx.com\/nota\/wp-json\/wp\/v2\/posts\/23217\/revisions\/23219"}],"wp:featuredmedia":[{"embeddable":true,"href":"https:\/\/radiowebmx.com\/nota\/wp-json\/wp\/v2\/media\/23218"}],"wp:attachment":[{"href":"https:\/\/radiowebmx.com\/nota\/wp-json\/wp\/v2\/media?parent=23217"}],"wp:term":[{"taxonomy":"category","embeddable":true,"href":"https:\/\/radiowebmx.com\/nota\/wp-json\/wp\/v2\/categories?post=23217"},{"taxonomy":"post_tag","embeddable":true,"href":"https:\/\/radiowebmx.com\/nota\/wp-json\/wp\/v2\/tags?post=23217"}],"curies":[{"name":"wp","href":"https:\/\/api.w.org\/{rel}","templated":true}]}}