{"id":23207,"date":"2016-05-06T20:31:20","date_gmt":"2016-05-07T01:31:20","guid":{"rendered":"https:\/\/radiowebmx.com\/nota\/?p=23207"},"modified":"2016-05-06T20:31:20","modified_gmt":"2016-05-07T01:31:20","slug":"carrera-nocturna-morelia-corre-amplia-periodo-de-inscripcion-hasta-el-12-de-mayo","status":"publish","type":"post","link":"https:\/\/radiowebmx.com\/nota\/carrera-nocturna-morelia-corre-amplia-periodo-de-inscripcion-hasta-el-12-de-mayo\/","title":{"rendered":"Carrera Nocturna \u201cMorelia Corre\u201d ampl\u00eda periodo de inscripci\u00f3n hasta el 12 de mayo"},"content":{"rendered":"<p><a href=\"https:\/\/radiowebmx.com\/nota\/wp-content\/uploads\/2016\/05\/ef7ca727-1441-458e-a3d3-c05cb9c64633.jpg\"><img loading=\"lazy\" decoding=\"async\" class=\"alignleft size-full wp-image-23208\" src=\"https:\/\/radiowebmx.com\/nota\/wp-content\/uploads\/2016\/05\/ef7ca727-1441-458e-a3d3-c05cb9c64633.jpg\" alt=\"ef7ca727-1441-458e-a3d3-c05cb9c64633\" width=\"591\" height=\"332\" srcset=\"https:\/\/radiowebmx.com\/nota\/wp-content\/uploads\/2016\/05\/ef7ca727-1441-458e-a3d3-c05cb9c64633.jpg 591w, https:\/\/radiowebmx.com\/nota\/wp-content\/uploads\/2016\/05\/ef7ca727-1441-458e-a3d3-c05cb9c64633-300x169.jpg 300w, https:\/\/radiowebmx.com\/nota\/wp-content\/uploads\/2016\/05\/ef7ca727-1441-458e-a3d3-c05cb9c64633-128x72.jpg 128w\" sizes=\"auto, (max-width: 591px) 100vw, 591px\" \/><\/a>Con el objetivo de permitir que la ciudadan\u00eda participe en la carrera nocturna \u201cMorelia Corre\u201d, la Directora del Instituto de la Juventud Moreliana, Ana Cristina Prado Mart\u00ednez, anunci\u00f3 que fue ampliado el plazo de inscripci\u00f3n a la misma hasta el jueves 12 de mayo.<\/p>\n<p>Subray\u00f3 que entre las caracter\u00edsticas de la carrera destacan el paso por monumentos y sitios del Centro Hist\u00f3rico de Morelia, la energ\u00eda y ambiente que proveer\u00e1 a los corredores la m\u00fasica de dos DJs y, por supuesto, el broche de oro finalizando con un espect\u00e1culo de video mapping conmemorativo al 475 Aniversario de la Fundaci\u00f3n de Morelia, una vez concluida la carrera.<\/p>\n<p>El arranque ser\u00e1 a las 20:00 horas al pie de la Catedral de Morelia, asimismo se\u00f1al\u00f3 que a cada uno de los participantes se les entregar\u00e1 un kit con una playera del evento, una medalla, hidrataci\u00f3n y otras sorpresas, dejando en claro que en caso de emergencias, los corredores contaran con servicio m\u00e9dico.<\/p>\n<p>Las inscripciones para la carrera nocturna contin\u00faan abiertas en las instalaciones del IJUM ubicadas en Avenida Periodismo s\/n Col. Nueva Valladolid, en el gimnasio Sport Palace, ubicado en Espacio las Am\u00e9ricas y en las instalaciones del Deportivo Morelos &#8211; Indeco, ubicadas en avenida Periodismo.<\/p>\n<p>El horario de inscripci\u00f3n ser\u00e1 de las 9:00 horas a las 16:30 horas, hasta el d\u00eda 12 de mayo. La inscripci\u00f3n tendr\u00e1 un costo de recuperaci\u00f3n de 140 pesos.<\/p>\n","protected":false},"excerpt":{"rendered":"<p>Con el objetivo de permitir que la ciudadan\u00eda participe en la carrera nocturna \u201cMorelia Corre\u201d, la Directora del Instituto de la Juventud Moreliana, Ana Cristina Prado Mart\u00ednez, anunci\u00f3 que fue ampliado el plazo de inscripci\u00f3n a la misma hasta el jueves 12 de mayo.<\/p>\n","protected":false},"author":1,"featured_media":23208,"comment_status":"open","ping_status":"open","sticky":false,"template":"","format":"standard","meta":{"footnotes":""},"categories":[14,9],"tags":[],"class_list":["post-23207","post","type-post","status-publish","format-standard","has-post-thumbnail","hentry","category-destacadas","category-morelia"],"_links":{"self":[{"href":"https:\/\/radiowebmx.com\/nota\/wp-json\/wp\/v2\/posts\/23207","targetHints":{"allow":["GET"]}}],"collection":[{"href":"https:\/\/radiowebmx.com\/nota\/wp-json\/wp\/v2\/posts"}],"about":[{"href":"https:\/\/radiowebmx.com\/nota\/wp-json\/wp\/v2\/types\/post"}],"author":[{"embeddable":true,"href":"https:\/\/radiowebmx.com\/nota\/wp-json\/wp\/v2\/users\/1"}],"replies":[{"embeddable":true,"href":"https:\/\/radiowebmx.com\/nota\/wp-json\/wp\/v2\/comments?post=23207"}],"version-history":[{"count":1,"href":"https:\/\/radiowebmx.com\/nota\/wp-json\/wp\/v2\/posts\/23207\/revisions"}],"predecessor-version":[{"id":23209,"href":"https:\/\/radiowebmx.com\/nota\/wp-json\/wp\/v2\/posts\/23207\/revisions\/23209"}],"wp:featuredmedia":[{"embeddable":true,"href":"https:\/\/radiowebmx.com\/nota\/wp-json\/wp\/v2\/media\/23208"}],"wp:attachment":[{"href":"https:\/\/radiowebmx.com\/nota\/wp-json\/wp\/v2\/media?parent=23207"}],"wp:term":[{"taxonomy":"category","embeddable":true,"href":"https:\/\/radiowebmx.com\/nota\/wp-json\/wp\/v2\/categories?post=23207"},{"taxonomy":"post_tag","embeddable":true,"href":"https:\/\/radiowebmx.com\/nota\/wp-json\/wp\/v2\/tags?post=23207"}],"curies":[{"name":"wp","href":"https:\/\/api.w.org\/{rel}","templated":true}]}}