{"id":23204,"date":"2016-05-06T20:02:58","date_gmt":"2016-05-07T01:02:58","guid":{"rendered":"https:\/\/radiowebmx.com\/nota\/?p=23204"},"modified":"2016-05-06T20:02:58","modified_gmt":"2016-05-07T01:02:58","slug":"asiste-silvano-aureoles-a-30-aniversario-del-sistema-nacional-de-proteccion-civil","status":"publish","type":"post","link":"https:\/\/radiowebmx.com\/nota\/asiste-silvano-aureoles-a-30-aniversario-del-sistema-nacional-de-proteccion-civil\/","title":{"rendered":"Asiste Silvano Aureoles a 30 aniversario del Sistema Nacional de Protecci\u00f3n Civil"},"content":{"rendered":"<p><a href=\"https:\/\/radiowebmx.com\/nota\/wp-content\/uploads\/2016\/05\/2c5841bb-3bed-4475-b192-ed1b35990667.jpg\"><img loading=\"lazy\" decoding=\"async\" class=\"alignleft size-full wp-image-23205\" src=\"https:\/\/radiowebmx.com\/nota\/wp-content\/uploads\/2016\/05\/2c5841bb-3bed-4475-b192-ed1b35990667.jpg\" alt=\"2c5841bb-3bed-4475-b192-ed1b35990667\" width=\"591\" height=\"302\" srcset=\"https:\/\/radiowebmx.com\/nota\/wp-content\/uploads\/2016\/05\/2c5841bb-3bed-4475-b192-ed1b35990667.jpg 591w, https:\/\/radiowebmx.com\/nota\/wp-content\/uploads\/2016\/05\/2c5841bb-3bed-4475-b192-ed1b35990667-300x153.jpg 300w\" sizes=\"auto, (max-width: 591px) 100vw, 591px\" \/><\/a>El Gobernador de Michoac\u00e1n, Silvano Aureoles Conejo, asisti\u00f3 a la conmemoraci\u00f3n del 30 aniversario de la fundaci\u00f3n del Sistema Nacional de Protecci\u00f3n Civil, acto con el que tambi\u00e9n se dio inicio oficial a la temporada de lluvias y ciclones 2016.<\/p>\n<p>Respecto de este aniversario, el Gobernador michoacano manifest\u00f3 su agradecimiento y reconocimiento a las mexicanas y mexicanos que han sacrificado su vida por participar de las acciones para hacer frente a los diversos fen\u00f3menos naturales que se han presentado en el territorio nacional.<\/p>\n<p>En el acto conmemorativo que estuvo presidido por el Presidente de M\u00e9xico, Enrique Pe\u00f1a Nieto, se enfatiz\u00f3 en que hoy por hoy, lo que ha hecho de nuestro pa\u00eds un referente en el tema de la Protecci\u00f3n Civil, es la estrecha comunicaci\u00f3n y coordinaci\u00f3n entre los tres niveles de Gobierno y la amplia solidaridad y participaci\u00f3n ciudadana, ante los fen\u00f3menos climatol\u00f3gicos que en los \u00faltimos a\u00f1os han impactado nuestra naci\u00f3n.<\/p>\n<p>En ese tenor, Robert Glasser, representante especial del Secretariado General de las Naciones Unidas para la Reducci\u00f3n del Riesgo de Desastres, reconoci\u00f3 y destac\u00f3 que M\u00e9xico es l\u00edder en el \u00e1mbito de reducci\u00f3n del riesgo de desastres y ha avanzado hacia una cultura preventiva m\u00e1s que paliativa, lo que se evidenci\u00f3 en la respuesta mostrada ante la presencia del hurac\u00e1n \u201cPatricia\u201d en 2015, en que nuestro pa\u00eds se gan\u00f3 un merecido reconocimiento por la eficiencia y claridad en sus alertas tempranas, la misi\u00f3n de evacuar a la poblaci\u00f3n y la buena coordinaci\u00f3n entre gobiernos.<\/p>\n<p>Roberto Ram\u00edrez de la Parra, director general de la Comisi\u00f3n Nacional del Agua (Conagua), inform\u00f3 que para la temporada de lluvias y ciclones que hoy inicia, se pronostican para el Pac\u00edfico, 17 fen\u00f3menos -tres por arriba del promedio-, es decir, ocho tormentas tropicales, cinco huracanes fuertes categor\u00eda 1 y 2 , y cuatro huracanes intensos categor\u00edas tres o mayor; mientras que para el Atl\u00e1ntico, se prev\u00e9n 13 ciclones -2 por arriba de lo normal-, que consisten en siete tormentas tropicales, cuatro huracanes fuertes y dos huracanes intensos.<\/p>\n<p>El Presidente Enrique Pe\u00f1a Nieto, tras hacer un p\u00fablico reconocimiento a todos los que han permitido fortalecer este Sistema Nacional de Protecci\u00f3n Civil y a quienes han ofrendado su vida por salvar la de otros, destac\u00f3 que en materia de PC siempre hay mucho por hacer, sobre todo a partir del calentamiento global que incrementa la frecuencia e intensidad de los fen\u00f3menos clim\u00e1ticos.<\/p>\n<p>A este evento donde el jefe del Ejecutivo federal entreg\u00f3 reconocimientos a la Cruz Roja Mexicana, Unidad Estatal de Protecci\u00f3n Civil y Bomberos, as\u00ed como a las Secretar\u00edas de la\u00a0 Defensa Nacional y de Marina,\u00a0 por sus acciones de colaboraci\u00f3n y rescate, tambi\u00e9n acudieron el Gobernador de Campeche, Alejandro Moreno C\u00e1rdenas; el secretario de Gobernaci\u00f3n, Miguel \u00c1ngel Osorio Chong; los titulares de Sedena, general Salvador Cienfuegos Zepeda, y de Semar, almirante Vidal Francisco Sober\u00f3n S\u00e1nz; Jos\u00e9 Antonio Meade Kuribre\u00f1a, secretario de Desarrollo Social; Gabino Cue Monteagudo, Gobernador de Oaxaca y presidente de la Conferencia Nacional de Gobernadores; entre otros funcionarios federales y estatales.<\/p>\n","protected":false},"excerpt":{"rendered":"<p>El Gobernador de Michoac\u00e1n, Silvano Aureoles Conejo, asisti\u00f3 a la conmemoraci\u00f3n del 30 aniversario de la fundaci\u00f3n del Sistema Nacional de Protecci\u00f3n Civil, acto con el que tambi\u00e9n se dio inicio oficial a la temporada de lluvias y ciclones 2016.<\/p>\n","protected":false},"author":1,"featured_media":23205,"comment_status":"open","ping_status":"open","sticky":false,"template":"","format":"standard","meta":{"footnotes":""},"categories":[14,3],"tags":[],"class_list":["post-23204","post","type-post","status-publish","format-standard","has-post-thumbnail","hentry","category-destacadas","category-gobierno-del-estado-de-michoacan"],"_links":{"self":[{"href":"https:\/\/radiowebmx.com\/nota\/wp-json\/wp\/v2\/posts\/23204","targetHints":{"allow":["GET"]}}],"collection":[{"href":"https:\/\/radiowebmx.com\/nota\/wp-json\/wp\/v2\/posts"}],"about":[{"href":"https:\/\/radiowebmx.com\/nota\/wp-json\/wp\/v2\/types\/post"}],"author":[{"embeddable":true,"href":"https:\/\/radiowebmx.com\/nota\/wp-json\/wp\/v2\/users\/1"}],"replies":[{"embeddable":true,"href":"https:\/\/radiowebmx.com\/nota\/wp-json\/wp\/v2\/comments?post=23204"}],"version-history":[{"count":1,"href":"https:\/\/radiowebmx.com\/nota\/wp-json\/wp\/v2\/posts\/23204\/revisions"}],"predecessor-version":[{"id":23206,"href":"https:\/\/radiowebmx.com\/nota\/wp-json\/wp\/v2\/posts\/23204\/revisions\/23206"}],"wp:featuredmedia":[{"embeddable":true,"href":"https:\/\/radiowebmx.com\/nota\/wp-json\/wp\/v2\/media\/23205"}],"wp:attachment":[{"href":"https:\/\/radiowebmx.com\/nota\/wp-json\/wp\/v2\/media?parent=23204"}],"wp:term":[{"taxonomy":"category","embeddable":true,"href":"https:\/\/radiowebmx.com\/nota\/wp-json\/wp\/v2\/categories?post=23204"},{"taxonomy":"post_tag","embeddable":true,"href":"https:\/\/radiowebmx.com\/nota\/wp-json\/wp\/v2\/tags?post=23204"}],"curies":[{"name":"wp","href":"https:\/\/api.w.org\/{rel}","templated":true}]}}