{"id":23191,"date":"2016-04-30T14:41:24","date_gmt":"2016-04-30T19:41:24","guid":{"rendered":"https:\/\/radiowebmx.com\/nota\/?p=23191"},"modified":"2016-05-05T14:44:55","modified_gmt":"2016-05-05T19:44:55","slug":"hasta-las-ultimas-consecuencias-para-dar-con-responsables-de-incendios-en-uruapan-gobernador","status":"publish","type":"post","link":"https:\/\/radiowebmx.com\/nota\/hasta-las-ultimas-consecuencias-para-dar-con-responsables-de-incendios-en-uruapan-gobernador\/","title":{"rendered":"Hasta las \u00faltimas consecuencias para dar con responsables de incendios en Uruapan: Gobernador"},"content":{"rendered":"<p><a href=\"https:\/\/radiowebmx.com\/nota\/wp-content\/uploads\/2016\/05\/b03edb07-2881-44b7-b60f-d31bf1f004b2.jpg\"><img loading=\"lazy\" decoding=\"async\" class=\"alignleft size-full wp-image-23192\" src=\"https:\/\/radiowebmx.com\/nota\/wp-content\/uploads\/2016\/05\/b03edb07-2881-44b7-b60f-d31bf1f004b2.jpg\" alt=\"b03edb07-2881-44b7-b60f-d31bf1f004b2\" width=\"591\" height=\"322\" srcset=\"https:\/\/radiowebmx.com\/nota\/wp-content\/uploads\/2016\/05\/b03edb07-2881-44b7-b60f-d31bf1f004b2.jpg 591w, https:\/\/radiowebmx.com\/nota\/wp-content\/uploads\/2016\/05\/b03edb07-2881-44b7-b60f-d31bf1f004b2-300x163.jpg 300w\" sizes=\"auto, (max-width: 591px) 100vw, 591px\" \/><\/a>El Gobernador del Estado, Silvano Aureoles Conejo visit\u00f3 este s\u00e1bado el Cerro de la Cruz, donde en un encuentro con brigadistas y voluntarios, asever\u00f3 que el Gobierno de Michoac\u00e1n har\u00e1 las investigaciones judiciales a fondo y llegar\u00e1 hasta las \u00faltimas consecuencias para que los incendios forestales que evidentemente fueron provocados y son actos que da\u00f1an a toda la comunidad, no queden impunes.<\/p>\n<p>&nbsp;<\/p>\n<p>Al agradecer a todos los brigadistas y voluntarios que hicieron posible que en un tiempo r\u00e9cord de 48 horas se extinguiera el incendio en esta zona, el mandatario anunci\u00f3 una serie de medidas contundentes para poner fin al cambio de uso de suelo que est\u00e1 agotando los recursos naturales.<\/p>\n<p>&nbsp;<\/p>\n<p>Entre estas acciones, se encuentra el dise\u00f1ar un programa integral para el manejo del \u00e1rea protegida del Cerro de la Cruz; iniciar un proceso de capacitaci\u00f3n e incorporaci\u00f3n de ciudadanos a formar parte de la unidad especializada de protecci\u00f3n al medio ambiente en esta Regi\u00f3n Pur\u00e9pecha; as\u00ed como emprender un programa intenso de reforestaci\u00f3n y construcci\u00f3n de brechas cortafuego permanentes en la zona y evitar con ello futuros riesgos.<\/p>\n<p>&nbsp;<\/p>\n<p>Tambi\u00e9n, el revisar el Decreto Presidencial de 1937, con el que se declar\u00f3 zona forestal protegida y reforzar su contenido para ampliar el per\u00edmetro de protecci\u00f3n; darle seguimiento puntual a las denuncias para que se castigue a los responsables, y &#8220;bajo ning\u00fan pretexto&#8221;, permitir que se cambie el uso de suelo; adem\u00e1s de reforzar las medidas para detener estas pr\u00e1cticas que da\u00f1an al medio ambiente y ponen en peligro a las familias.<\/p>\n<p>&nbsp;<\/p>\n<p>Expuso que es su intenci\u00f3n emprender una campa\u00f1a de educaci\u00f3n ambiental para que desde las nuevas generaciones se concientice sobre el cuidado de los bosques, y que buscar\u00e1 con los productores de aguacate, la forma de que varias hect\u00e1reas de este fruto sean sustituidas por especies que brindan servicios ambientales y permiten la alimentaci\u00f3n de los mantos fri\u00e1ticos, como en el caso de la comunidad de San Juan, que tom\u00f3 la decisi\u00f3n -por usos y costumbres- de transformar las huertas de aguacate en bosques.<\/p>\n<p>&nbsp;<\/p>\n<p>Silvano Aureoles manifest\u00f3 que los hechos sucedidos en el Cerro de la Cruz y otros puntos del municipio de Uruapan, fueron atendidos de inmediato, es decir, desde que se conoci\u00f3 la contingencia, se buscaron los equipos y recursos humanos para combatir las conflagraciones.<\/p>\n<p>&nbsp;<\/p>\n<p>&#8220;Debe quedar claro, el incendio fue provocado y ya se iniciaron las investigaciones, he instruido al Procurador porque vamos a ir con las investigaciones hasta sus \u00faltimas consecuencias&#8221;, asever\u00f3 el Gobernador.<\/p>\n<p>&nbsp;<\/p>\n<p>Aureoles Conejo agradeci\u00f3 y destac\u00f3 la labor de los m\u00e1s de 500 brigadistas, voluntarios, alumnos de la Escuela Forestal, personal de las instancias de los tres niveles de Gobierno, as\u00ed como al gobierno de Jalisco que apoy\u00f3 con una unidad a\u00e9rea y a la Polic\u00eda Federal que respald\u00f3 con dos helic\u00f3pteros m\u00e1s, para lograr hacer frente a los incendios, que fueron atacados con toda oportunidad de acuerdo al dictamen de los expertos nacionales, puesto que en un lapso de alrededor de 48 horas, la quema de esta magnitud fue controlada.<\/p>\n<p>&nbsp;<\/p>\n<p>De manera especial, destac\u00f3 la participaci\u00f3n de las y los ciudadanos voluntarios de Uruapan, ya que muchas mujeres y hombres se organizaron para enviar agua y v\u00edveres en apoyo a los brigadistas.<\/p>\n<p>&nbsp;<\/p>\n<p>Por su parte, el alcalde de Uruapan, V\u00edctor Manuel Manr\u00edquez Gonz\u00e1lez, coincidi\u00f3 en que no se va tolerar ni permitir este tipo de agresi\u00f3n contra nuestros bosques y se ha estado trabajando con el Gobierno del Estado y la Federaci\u00f3n en la integraci\u00f3n de los elementos para dar con los responsables.<\/p>\n<p>&nbsp;<\/p>\n<p>Mencion\u00f3 que de la superficie afectada por el incendio, s\u00f3lo cerca del 30 por ciento correspondi\u00f3 a \u00e1rea arbolada y la gran mayor\u00eda consisti\u00f3 en pasto y hierbas.<\/p>\n<p>&nbsp;<\/p>\n<p>Jos\u00e9 Rub\u00e9n Anguiano Cort\u00e9s, brigadista del grupo conocido como Los Delfines del municipio de Uruapan, explic\u00f3 a detalle el c\u00f3mo fueron combatidos los incendios de los \u00faltimos d\u00edas y solicit\u00f3 el apoyo de las autoridades para que tengan mayores incentivos de esta tarea.<\/p>\n<p>&nbsp;<\/p>\n<p>Fueron part\u00edcipes de este reconocimiento, el secretario de Gobierno, Adri\u00e1n L\u00f3pez Sol\u00eds; el secretario de Medio Ambiente, Recursos Naturales y Cambio Clim\u00e1tico, Ricardo Luna Garc\u00eda; el delegado de la Semarnat, Mauro Ballesteros Figueroa; la directora general del DIF Michoac\u00e1n, Roc\u00edo Beamonte Romero; la secretaria de Pol\u00edtica Social, Miriam Tinoco Soto; el procurador de Protecci\u00f3n al Ambiente del Estado, Juan Carlos Vega Sol\u00f3rzano; la delegada de Profepa, Tal\u00eda Coria Mendoza;\u00a0 por mencionar algunos.<\/p>\n","protected":false},"excerpt":{"rendered":"<p>El Gobernador del Estado, Silvano Aureoles Conejo visit\u00f3 este s\u00e1bado el Cerro de la Cruz, donde en un encuentro con brigadistas y voluntarios, asever\u00f3 que el Gobierno de Michoac\u00e1n har\u00e1 las investigaciones judiciales a fondo y llegar\u00e1 hasta las \u00faltimas consecuencias <\/p>\n","protected":false},"author":1,"featured_media":23192,"comment_status":"open","ping_status":"open","sticky":false,"template":"","format":"standard","meta":{"footnotes":""},"categories":[14,3],"tags":[],"class_list":["post-23191","post","type-post","status-publish","format-standard","has-post-thumbnail","hentry","category-destacadas","category-gobierno-del-estado-de-michoacan"],"_links":{"self":[{"href":"https:\/\/radiowebmx.com\/nota\/wp-json\/wp\/v2\/posts\/23191","targetHints":{"allow":["GET"]}}],"collection":[{"href":"https:\/\/radiowebmx.com\/nota\/wp-json\/wp\/v2\/posts"}],"about":[{"href":"https:\/\/radiowebmx.com\/nota\/wp-json\/wp\/v2\/types\/post"}],"author":[{"embeddable":true,"href":"https:\/\/radiowebmx.com\/nota\/wp-json\/wp\/v2\/users\/1"}],"replies":[{"embeddable":true,"href":"https:\/\/radiowebmx.com\/nota\/wp-json\/wp\/v2\/comments?post=23191"}],"version-history":[{"count":1,"href":"https:\/\/radiowebmx.com\/nota\/wp-json\/wp\/v2\/posts\/23191\/revisions"}],"predecessor-version":[{"id":23193,"href":"https:\/\/radiowebmx.com\/nota\/wp-json\/wp\/v2\/posts\/23191\/revisions\/23193"}],"wp:featuredmedia":[{"embeddable":true,"href":"https:\/\/radiowebmx.com\/nota\/wp-json\/wp\/v2\/media\/23192"}],"wp:attachment":[{"href":"https:\/\/radiowebmx.com\/nota\/wp-json\/wp\/v2\/media?parent=23191"}],"wp:term":[{"taxonomy":"category","embeddable":true,"href":"https:\/\/radiowebmx.com\/nota\/wp-json\/wp\/v2\/categories?post=23191"},{"taxonomy":"post_tag","embeddable":true,"href":"https:\/\/radiowebmx.com\/nota\/wp-json\/wp\/v2\/tags?post=23191"}],"curies":[{"name":"wp","href":"https:\/\/api.w.org\/{rel}","templated":true}]}}