{"id":23184,"date":"2016-04-30T14:34:20","date_gmt":"2016-04-30T19:34:20","guid":{"rendered":"https:\/\/radiowebmx.com\/nota\/?p=23184"},"modified":"2016-05-05T14:37:22","modified_gmt":"2016-05-05T19:37:22","slug":"otorga-si-financia-credito-a-empresa-agropecuaria-de-la-tierra-caliente","status":"publish","type":"post","link":"https:\/\/radiowebmx.com\/nota\/otorga-si-financia-credito-a-empresa-agropecuaria-de-la-tierra-caliente\/","title":{"rendered":"Otorga S\u00ed Financia cr\u00e9dito a empresa agropecuaria de la Tierra Caliente"},"content":{"rendered":"<p><a href=\"https:\/\/radiowebmx.com\/nota\/wp-content\/uploads\/2016\/05\/af49faa2-3652-4a1f-9d05-06c11002b9c9.jpg\"><img loading=\"lazy\" decoding=\"async\" class=\"alignleft size-full wp-image-23185\" src=\"https:\/\/radiowebmx.com\/nota\/wp-content\/uploads\/2016\/05\/af49faa2-3652-4a1f-9d05-06c11002b9c9.jpg\" alt=\"af49faa2-3652-4a1f-9d05-06c11002b9c9\" width=\"591\" height=\"283\" srcset=\"https:\/\/radiowebmx.com\/nota\/wp-content\/uploads\/2016\/05\/af49faa2-3652-4a1f-9d05-06c11002b9c9.jpg 591w, https:\/\/radiowebmx.com\/nota\/wp-content\/uploads\/2016\/05\/af49faa2-3652-4a1f-9d05-06c11002b9c9-300x144.jpg 300w\" sizes=\"auto, (max-width: 591px) 100vw, 591px\" \/><\/a>El Sistema Integral de Financiamiento para el Desarrollo de Michoac\u00e1n (S\u00ed Financia), a trav\u00e9s del Fondo de Garant\u00eda Agropecuaria Complementaria para el Estado de Michoac\u00e1n, otorg\u00f3 un cr\u00e9dito por 3.5 millones de pesos a la empresa Integradora de Limoneros Unidos del Valle de Apatzing\u00e1n S.A.<\/p>\n<p>La entrega del cr\u00e9dito se llev\u00f3 a cabo en las instalaciones de la empresa, donde estuvieron presentes la delegada en Michoac\u00e1n del Instituto Nacional de Econom\u00eda, M\u00f3nica Berenice S\u00e1nchez Cach\u00fa, y el director general de S\u00ed Financia, Benjam\u00edn Hern\u00e1ndez Luna, quien destac\u00f3 el esfuerzo transversal entre los gobiernos Federal y Estatal.<\/p>\n<p>\u201cTal como coment\u00f3 el Gobernador Silvano Aureoles Conejo en la pasada firma de convenio con FIRA, la agricultura es una actividad de la cual ha vivido el estado por varias d\u00e9cadas. En medio de dificultades, nuestros campesinos le han dado empuje, as\u00ed como a Michoac\u00e1n un liderazgo nacional en el valor de la producci\u00f3n. Por parte de Gobierno del Estado, S\u00ed Financia ofrece un respaldo a este sector a trav\u00e9s del financiamiento\u201d, resalt\u00f3 Hern\u00e1ndez Luna.<\/p>\n<p>Detall\u00f3 que el cr\u00e9dito otorgado ser\u00e1 destinado al mantenimiento y cosecha de 597 hect\u00e1reas de huertas de lim\u00f3n, que beneficiar\u00e1 a 63 productores agremiados a la organizaci\u00f3n, pertenecientes a los municipios de Buenavista, La Huacana y Apatzing\u00e1n; ello generar\u00e1 384 empleos eventuales en la regi\u00f3n.<\/p>\n","protected":false},"excerpt":{"rendered":"<p>El S\u00ed Financia, a trav\u00e9s del Fondo de Garant\u00eda Agropecuaria Complementaria para el Estado de Michoac\u00e1n, otorg\u00f3 un cr\u00e9dito por 3.5 millones de pesos a la empresa Integradora de Limoneros Unidos del Valle de Apatzing\u00e1n S.A.<\/p>\n","protected":false},"author":1,"featured_media":23185,"comment_status":"open","ping_status":"open","sticky":false,"template":"","format":"standard","meta":{"footnotes":""},"categories":[14,3],"tags":[],"class_list":["post-23184","post","type-post","status-publish","format-standard","has-post-thumbnail","hentry","category-destacadas","category-gobierno-del-estado-de-michoacan"],"_links":{"self":[{"href":"https:\/\/radiowebmx.com\/nota\/wp-json\/wp\/v2\/posts\/23184","targetHints":{"allow":["GET"]}}],"collection":[{"href":"https:\/\/radiowebmx.com\/nota\/wp-json\/wp\/v2\/posts"}],"about":[{"href":"https:\/\/radiowebmx.com\/nota\/wp-json\/wp\/v2\/types\/post"}],"author":[{"embeddable":true,"href":"https:\/\/radiowebmx.com\/nota\/wp-json\/wp\/v2\/users\/1"}],"replies":[{"embeddable":true,"href":"https:\/\/radiowebmx.com\/nota\/wp-json\/wp\/v2\/comments?post=23184"}],"version-history":[{"count":1,"href":"https:\/\/radiowebmx.com\/nota\/wp-json\/wp\/v2\/posts\/23184\/revisions"}],"predecessor-version":[{"id":23186,"href":"https:\/\/radiowebmx.com\/nota\/wp-json\/wp\/v2\/posts\/23184\/revisions\/23186"}],"wp:featuredmedia":[{"embeddable":true,"href":"https:\/\/radiowebmx.com\/nota\/wp-json\/wp\/v2\/media\/23185"}],"wp:attachment":[{"href":"https:\/\/radiowebmx.com\/nota\/wp-json\/wp\/v2\/media?parent=23184"}],"wp:term":[{"taxonomy":"category","embeddable":true,"href":"https:\/\/radiowebmx.com\/nota\/wp-json\/wp\/v2\/categories?post=23184"},{"taxonomy":"post_tag","embeddable":true,"href":"https:\/\/radiowebmx.com\/nota\/wp-json\/wp\/v2\/tags?post=23184"}],"curies":[{"name":"wp","href":"https:\/\/api.w.org\/{rel}","templated":true}]}}