{"id":23181,"date":"2016-04-30T14:32:31","date_gmt":"2016-04-30T19:32:31","guid":{"rendered":"https:\/\/radiowebmx.com\/nota\/?p=23181"},"modified":"2016-05-05T14:34:12","modified_gmt":"2016-05-05T19:34:12","slug":"todo-listo-para-la-magna-entrega-del-microfono-de-oro-2016-en-la-expo-fiesta-michoacan-2016","status":"publish","type":"post","link":"https:\/\/radiowebmx.com\/nota\/todo-listo-para-la-magna-entrega-del-microfono-de-oro-2016-en-la-expo-fiesta-michoacan-2016\/","title":{"rendered":"Todo listo para la magna entrega del Micr\u00f3fono de Oro 2016 en la Expo Fiesta Michoac\u00e1n 2016"},"content":{"rendered":"<p><a href=\"https:\/\/radiowebmx.com\/nota\/wp-content\/uploads\/2016\/05\/b02db0a3-2191-4309-a29a-3c796eb97964.jpg\"><img loading=\"lazy\" decoding=\"async\" class=\"alignleft size-full wp-image-23182\" src=\"https:\/\/radiowebmx.com\/nota\/wp-content\/uploads\/2016\/05\/b02db0a3-2191-4309-a29a-3c796eb97964.jpg\" alt=\"b02db0a3-2191-4309-a29a-3c796eb97964\" width=\"591\" height=\"311\" srcset=\"https:\/\/radiowebmx.com\/nota\/wp-content\/uploads\/2016\/05\/b02db0a3-2191-4309-a29a-3c796eb97964.jpg 591w, https:\/\/radiowebmx.com\/nota\/wp-content\/uploads\/2016\/05\/b02db0a3-2191-4309-a29a-3c796eb97964-300x158.jpg 300w\" sizes=\"auto, (max-width: 591px) 100vw, 591px\" \/><\/a>Las instalaciones del Foro Cultural de la Expo Fiesta Michoac\u00e1n 2016, se encuentran listas para recibir\u00a0el pr\u00f3ximo mi\u00e9rcoles\u00a04 de mayo desde las 6 de la tarde, el magno evento en el cual la Asociaci\u00f3n Nacional de Locutores har\u00e1 la entrega del Micr\u00f3fono de Oro, cuya 64 edici\u00f3n se efectuar\u00e1 en esta ocasi\u00f3n en nuestra entidad.<\/p>\n<p>&nbsp;<\/p>\n<p>El evento contar\u00e1 con la presencia del Gobernador del Estado, Silvano Aureoles Conejo, quien recibir\u00e1 el Micr\u00f3fono de Platino, as\u00ed como de m\u00e1s de 30 artistas galardonados del mundo del arte, la cultura y los espect\u00e1culos, quienes recibir\u00e1n sendos reconocimientos por su trayectoria y aportaciones. El evento ser\u00e1 completamente gratuito para todos los asistentes, quienes disfrutar\u00e1n de este gran espect\u00e1culo completamente familiar.<\/p>\n<p>&nbsp;<\/p>\n<p>En la presente edici\u00f3n del Micr\u00f3fono de Oro 2016, se efectuar\u00e1 en homenaje a Carla Estrada, destacada productora de TV.<\/p>\n<p>&nbsp;<\/p>\n<p>Cabe destacar que el Micr\u00f3fono de Oro es la m\u00e1xima presea que otorga la Asociaci\u00f3n Nacional de Locutores, en reconocimiento a la trayectoria de los m\u00e1s destacados profesionales de las diversas ramas que conforman el mundo del arte, la cultura y el espect\u00e1culo.<\/p>\n<p>&nbsp;<\/p>\n<p>En el caso de Michoac\u00e1n, ser\u00e1n galardonados la agrupaci\u00f3n musical La Gran Familia, el Dueto Zac\u00e1n, Los Tropilocos de Tac\u00e1mbaro, Beto y sus Canarios, Jos\u00e9 Luis Gasc\u00f3n, vocalista de los Yaki; Abelardo Pulido, vocalista de Los Dos Oros, as\u00ed como Yolanda y Ramiro, dueto de m\u00fasica tradicional.<\/p>\n<p>&nbsp;<\/p>\n<p>En esta premiaci\u00f3n se contar\u00e1 con la presencia confirmada de personalidades y destacados artistas de nivel internacional como: Rosa Gloria Chagoy\u00e1n, actriz y cantante; el comediante Jo Jo Jorge Falc\u00f3n; los integrantes del grupo Los Dandys; el gran m\u00fasico y productor musical Cham\u00edn Correa; la agrupaci\u00f3n Colmillo Norte\u00f1o; el cantante de m\u00fasica vern\u00e1cula, Jos\u00e9 Antonio El Pelao; Los Chicanos de Ray Garc\u00eda; la Banda Yurirense; el Conjunto Legendario, Agrupaci\u00f3n musical; la cantante Elsa R\u00edos; el cantante de La Academia, Paolo Botti, entre otros.<br \/>\nEste magno evento, que albergar\u00e1 a m\u00e1s de 7 mil invitados, ser\u00e1 un escaparate id\u00f3neo para conocer y disfrutar un poco m\u00e1s de la gastronom\u00eda y sitios tur\u00edsticos de Michoac\u00e1n.<\/p>\n","protected":false},"excerpt":{"rendered":"<p>Las instalaciones del Foro Cultural de la Expo Fiesta Michoac\u00e1n 2016, se encuentran listas para recibir el pr\u00f3ximo mi\u00e9rcoles 4 de mayo desde las 6 de la tarde, <\/p>\n","protected":false},"author":1,"featured_media":23182,"comment_status":"open","ping_status":"open","sticky":false,"template":"","format":"standard","meta":{"footnotes":""},"categories":[14,3],"tags":[],"class_list":["post-23181","post","type-post","status-publish","format-standard","has-post-thumbnail","hentry","category-destacadas","category-gobierno-del-estado-de-michoacan"],"_links":{"self":[{"href":"https:\/\/radiowebmx.com\/nota\/wp-json\/wp\/v2\/posts\/23181","targetHints":{"allow":["GET"]}}],"collection":[{"href":"https:\/\/radiowebmx.com\/nota\/wp-json\/wp\/v2\/posts"}],"about":[{"href":"https:\/\/radiowebmx.com\/nota\/wp-json\/wp\/v2\/types\/post"}],"author":[{"embeddable":true,"href":"https:\/\/radiowebmx.com\/nota\/wp-json\/wp\/v2\/users\/1"}],"replies":[{"embeddable":true,"href":"https:\/\/radiowebmx.com\/nota\/wp-json\/wp\/v2\/comments?post=23181"}],"version-history":[{"count":1,"href":"https:\/\/radiowebmx.com\/nota\/wp-json\/wp\/v2\/posts\/23181\/revisions"}],"predecessor-version":[{"id":23183,"href":"https:\/\/radiowebmx.com\/nota\/wp-json\/wp\/v2\/posts\/23181\/revisions\/23183"}],"wp:featuredmedia":[{"embeddable":true,"href":"https:\/\/radiowebmx.com\/nota\/wp-json\/wp\/v2\/media\/23182"}],"wp:attachment":[{"href":"https:\/\/radiowebmx.com\/nota\/wp-json\/wp\/v2\/media?parent=23181"}],"wp:term":[{"taxonomy":"category","embeddable":true,"href":"https:\/\/radiowebmx.com\/nota\/wp-json\/wp\/v2\/categories?post=23181"},{"taxonomy":"post_tag","embeddable":true,"href":"https:\/\/radiowebmx.com\/nota\/wp-json\/wp\/v2\/tags?post=23181"}],"curies":[{"name":"wp","href":"https:\/\/api.w.org\/{rel}","templated":true}]}}