{"id":23173,"date":"2016-04-29T14:21:06","date_gmt":"2016-04-29T19:21:06","guid":{"rendered":"https:\/\/radiowebmx.com\/nota\/?p=23173"},"modified":"2016-05-05T14:22:06","modified_gmt":"2016-05-05T19:22:06","slug":"utm-pagara-a-sus-trabajadores-3-15-de-incremento-al-salario-2016","status":"publish","type":"post","link":"https:\/\/radiowebmx.com\/nota\/utm-pagara-a-sus-trabajadores-3-15-de-incremento-al-salario-2016\/","title":{"rendered":"UTM pagar\u00e1 a sus trabajadores 3.15% de incremento al salario 2016"},"content":{"rendered":"<p class=\"x_GOBMICH\"><span lang=\"ES\">Con la finalidad de no transgredir los derechos del trabajador y cumplir con lo que marca la ley, el rector de la Universidad Tecnol\u00f3gica de Morelia (UTM), Jos\u00e9 Hern\u00e1ndez Arreola, anunci\u00f3 que en los pr\u00f3ximos d\u00edas ser\u00e1 depositado el incremento salarial 2016 a todo el personal que labora en esta casa de estudios.<\/span><\/p>\n<p class=\"x_GOBMICH\"><span lang=\"ES\">\u00a0<\/span><\/p>\n<p class=\"x_GOBMICH\"><span lang=\"ES\">\u201cGracias a nuestras gestiones ante las autoridades estatales, as\u00ed como a la visita que hizo recientemente el Gobernador de Michoac\u00e1n, Silvano Aureoles Conejo, a nuestras instalaciones, es que se logra coadyuvar para entregar a las y los trabajadores lo que les corresponde\u201d, as\u00ed lo extern\u00f3 Jos\u00e9 Hern\u00e1ndez Arreola.<\/span><\/p>\n<p class=\"x_GOBMICH\"><span lang=\"ES\">\u00a0<\/span><\/p>\n<p class=\"x_GOBMICH\"><span lang=\"ES\">Cabe se\u00f1alar que con el pago del incremento salarial del 3.15 por ciento, retroactivo al 1 de febrero del presente, se atienden las demandas de los trabajadores, con lo cual se evit\u00f3 que hubiera emplazamiento a huelga, reafirmando el compromiso y trabajo que se viene realizando con el Sindicato \u00danico de Trabajadores de la Universidad Tecnol\u00f3gica de Morelia.<\/span><\/p>\n<p class=\"x_GOBMICH\"><span lang=\"ES\">\u00a0<\/span><\/p>\n<p class=\"x_GOBMICH\"><span lang=\"ES\">El rector dej\u00f3 claro que desde el inicio de su administraci\u00f3n se han salvaguardado los intereses de la Universidad y que en todo momento habr\u00e1n de respetarse los derechos laborales del personal, por lo que el di\u00e1logo y la gesti\u00f3n en beneficio de toda la comunidad UTM, han sido las directrices para lograr una estabilidad tanto educativa como laboral y financiera.<\/span><\/p>\n","protected":false},"excerpt":{"rendered":"<p>Con la finalidad de no transgredir los derechos del trabajador y cumplir con lo que marca la ley, el rector de la UTM, Jos\u00e9 Hern\u00e1ndez Arreola,<\/p>\n","protected":false},"author":1,"featured_media":0,"comment_status":"open","ping_status":"open","sticky":false,"template":"","format":"standard","meta":{"footnotes":""},"categories":[3],"tags":[],"class_list":["post-23173","post","type-post","status-publish","format-standard","hentry","category-gobierno-del-estado-de-michoacan"],"_links":{"self":[{"href":"https:\/\/radiowebmx.com\/nota\/wp-json\/wp\/v2\/posts\/23173","targetHints":{"allow":["GET"]}}],"collection":[{"href":"https:\/\/radiowebmx.com\/nota\/wp-json\/wp\/v2\/posts"}],"about":[{"href":"https:\/\/radiowebmx.com\/nota\/wp-json\/wp\/v2\/types\/post"}],"author":[{"embeddable":true,"href":"https:\/\/radiowebmx.com\/nota\/wp-json\/wp\/v2\/users\/1"}],"replies":[{"embeddable":true,"href":"https:\/\/radiowebmx.com\/nota\/wp-json\/wp\/v2\/comments?post=23173"}],"version-history":[{"count":1,"href":"https:\/\/radiowebmx.com\/nota\/wp-json\/wp\/v2\/posts\/23173\/revisions"}],"predecessor-version":[{"id":23174,"href":"https:\/\/radiowebmx.com\/nota\/wp-json\/wp\/v2\/posts\/23173\/revisions\/23174"}],"wp:attachment":[{"href":"https:\/\/radiowebmx.com\/nota\/wp-json\/wp\/v2\/media?parent=23173"}],"wp:term":[{"taxonomy":"category","embeddable":true,"href":"https:\/\/radiowebmx.com\/nota\/wp-json\/wp\/v2\/categories?post=23173"},{"taxonomy":"post_tag","embeddable":true,"href":"https:\/\/radiowebmx.com\/nota\/wp-json\/wp\/v2\/tags?post=23173"}],"curies":[{"name":"wp","href":"https:\/\/api.w.org\/{rel}","templated":true}]}}