{"id":23156,"date":"2016-04-28T12:53:55","date_gmt":"2016-04-28T17:53:55","guid":{"rendered":"https:\/\/radiowebmx.com\/nota\/?p=23156"},"modified":"2016-04-28T12:53:55","modified_gmt":"2016-04-28T17:53:55","slug":"funcionarios-del-pan-trabajan-para-contrarrestar-pobreza-en-michoacan","status":"publish","type":"post","link":"https:\/\/radiowebmx.com\/nota\/funcionarios-del-pan-trabajan-para-contrarrestar-pobreza-en-michoacan\/","title":{"rendered":"Funcionarios del PAN trabajan para contrarrestar pobreza en Michoac\u00e1n"},"content":{"rendered":"<p><a href=\"https:\/\/radiowebmx.com\/nota\/wp-content\/uploads\/2016\/04\/Comunicado-362.2.jpg\"><img loading=\"lazy\" decoding=\"async\" class=\"alignleft size-full wp-image-23157\" src=\"https:\/\/radiowebmx.com\/nota\/wp-content\/uploads\/2016\/04\/Comunicado-362.2.jpg\" alt=\"Comunicado 362.2\" width=\"591\" height=\"356\" srcset=\"https:\/\/radiowebmx.com\/nota\/wp-content\/uploads\/2016\/04\/Comunicado-362.2.jpg 591w, https:\/\/radiowebmx.com\/nota\/wp-content\/uploads\/2016\/04\/Comunicado-362.2-300x181.jpg 300w\" sizes=\"auto, (max-width: 591px) 100vw, 591px\" \/><\/a>Como parte de las atribuciones y del compromiso de los diputados del PAN para gestionar obras y recursos en favor de los sectores sociales m\u00e1s vulnerables, la diputada Andrea Villanueva Cano celebr\u00f3 la firma del convenio con la Congregaci\u00f3n Mariana Trinitaria, ya que se trabajar\u00e1 para contrarrestar la pobreza en la entidad.<\/p>\n<p>En este sentido, la diputada del Distrito XVII de Morelia explic\u00f3 que en aquellas zonas con \u00edndices m\u00e1s altos de pobreza y rezago social estar\u00e1n trabajando y realizando gestiones tanto diputados federales como locales y alcaldes emanados de Acci\u00f3n Nacional, a fin de llevar a estas regiones proyectos productivos.<\/p>\n<p>\u201cCon ello lo que se busca es ense\u00f1ar a las personas auto emplearse y poner fin a los programas asistencialistas que tanto han afectado el desarrollo social y econ\u00f3mico de las familias michoacanas, que no ayudan a resolver de fondo la problem\u00e1tica de la pobreza y el rezago\u201d, explic\u00f3 Villanueva Cano.<\/p>\n<p>Respaldada por el Dirigente Estatal del Partido Acci\u00f3n Nacional, Jos\u00e9 Manuel Hinojosa, \u00a0la diputada local reconoci\u00f3 que como parte de su compromiso con los morelianos, en una primera etapa estar\u00e1 llevando apoyos que van desde la dotaci\u00f3n de materiales para construcci\u00f3n a precios muy por debajo del costo comercial, as\u00ed como proyectos de infraestructura para sus hogares.<\/p>\n<p>Posteriormente, proyectos productivos que permitan a la ciudadan\u00eda empleos fijos y seguros, en los cuales se genere movimiento econ\u00f3mico para sus familias y para sus colonias, procurando que estos peque\u00f1os negocios vayan creciendo y encontrando condiciones para generar mejores condiciones de vida tanto para sus familias como para sus comunidades.<\/p>\n<p>Finalmente manifest\u00f3 su inter\u00e9s de que las personas no dependan de programas de gobierno y asistencialismo que no generan ning\u00fan crecimiento ni desarrollo en la vida de los michoacanos, por el contrario, consider\u00f3 necesario impulsar pol\u00edticas p\u00fablicas para la capacitaci\u00f3n y la generaci\u00f3n de nuevos empleos que mejoren por mucho m\u00e1s tiempo las condiciones econ\u00f3micas de las familias michoacanas.<\/p>\n","protected":false},"excerpt":{"rendered":"<p>Como parte de las atribuciones y del compromiso de los diputados del PAN para gestionar obras y recursos en favor de los sectores sociales m\u00e1s vulnerables, <\/p>\n","protected":false},"author":1,"featured_media":23157,"comment_status":"open","ping_status":"open","sticky":false,"template":"","format":"standard","meta":{"footnotes":""},"categories":[6,14,8],"tags":[],"class_list":["post-23156","post","type-post","status-publish","format-standard","has-post-thumbnail","hentry","category-congreso-del-estado","category-destacadas","category-grupo-parlamentario-del-pan"],"_links":{"self":[{"href":"https:\/\/radiowebmx.com\/nota\/wp-json\/wp\/v2\/posts\/23156","targetHints":{"allow":["GET"]}}],"collection":[{"href":"https:\/\/radiowebmx.com\/nota\/wp-json\/wp\/v2\/posts"}],"about":[{"href":"https:\/\/radiowebmx.com\/nota\/wp-json\/wp\/v2\/types\/post"}],"author":[{"embeddable":true,"href":"https:\/\/radiowebmx.com\/nota\/wp-json\/wp\/v2\/users\/1"}],"replies":[{"embeddable":true,"href":"https:\/\/radiowebmx.com\/nota\/wp-json\/wp\/v2\/comments?post=23156"}],"version-history":[{"count":1,"href":"https:\/\/radiowebmx.com\/nota\/wp-json\/wp\/v2\/posts\/23156\/revisions"}],"predecessor-version":[{"id":23158,"href":"https:\/\/radiowebmx.com\/nota\/wp-json\/wp\/v2\/posts\/23156\/revisions\/23158"}],"wp:featuredmedia":[{"embeddable":true,"href":"https:\/\/radiowebmx.com\/nota\/wp-json\/wp\/v2\/media\/23157"}],"wp:attachment":[{"href":"https:\/\/radiowebmx.com\/nota\/wp-json\/wp\/v2\/media?parent=23156"}],"wp:term":[{"taxonomy":"category","embeddable":true,"href":"https:\/\/radiowebmx.com\/nota\/wp-json\/wp\/v2\/categories?post=23156"},{"taxonomy":"post_tag","embeddable":true,"href":"https:\/\/radiowebmx.com\/nota\/wp-json\/wp\/v2\/tags?post=23156"}],"curies":[{"name":"wp","href":"https:\/\/api.w.org\/{rel}","templated":true}]}}