{"id":23146,"date":"2016-04-28T11:37:15","date_gmt":"2016-04-28T16:37:15","guid":{"rendered":"https:\/\/radiowebmx.com\/nota\/?p=23146"},"modified":"2016-04-28T11:37:15","modified_gmt":"2016-04-28T16:37:15","slug":"alfonso-martinez-estrecha-comunicacion-con-encargados-del-orden","status":"publish","type":"post","link":"https:\/\/radiowebmx.com\/nota\/alfonso-martinez-estrecha-comunicacion-con-encargados-del-orden\/","title":{"rendered":"Alfonso Mart\u00ednez estrecha comunicaci\u00f3n con encargados del orden"},"content":{"rendered":"<p><a href=\"https:\/\/radiowebmx.com\/nota\/wp-content\/uploads\/2016\/04\/ef2f55ef-705f-49f3-82af-f709652079fb.jpg\"><img loading=\"lazy\" decoding=\"async\" class=\"alignleft size-full wp-image-23147\" src=\"https:\/\/radiowebmx.com\/nota\/wp-content\/uploads\/2016\/04\/ef2f55ef-705f-49f3-82af-f709652079fb.jpg\" alt=\"ef2f55ef-705f-49f3-82af-f709652079fb\" width=\"591\" height=\"363\" srcset=\"https:\/\/radiowebmx.com\/nota\/wp-content\/uploads\/2016\/04\/ef2f55ef-705f-49f3-82af-f709652079fb.jpg 591w, https:\/\/radiowebmx.com\/nota\/wp-content\/uploads\/2016\/04\/ef2f55ef-705f-49f3-82af-f709652079fb-300x184.jpg 300w\" sizes=\"auto, (max-width: 591px) 100vw, 591px\" \/><\/a>Con el compromiso de atender de manera directa las necesidades de cada una de las colonias del municipio, se llev\u00f3 a cabo la tercera edici\u00f3n del programa \u201cPresidente en tu Colonia\u201d, el cual fue encabezado por el Alcalde, Alfonso Mart\u00ednez Alc\u00e1zar que en esta ocasi\u00f3n visit\u00f3 la colonia Ampliaci\u00f3n Ignacio L\u00f3pez Ray\u00f3n.<\/p>\n<p>Acompa\u00f1ado por los titulares de diferentes Secretar\u00edas e integrantes del Ayuntamiento, el Presidente Municipal encabez\u00f3 las audiencias en donde se atendieron 500 peticiones de las cuales 350 fueron resueltas de manera inmediata, mientras que 150 se encuentran en proceso de ser atendidas.<\/p>\n<p>En este marco en el que estuvieron presentes el Secretario del Ayuntamiento, Jes\u00fas \u00c1valos Plata, el S\u00edndico Municipal, Fabio Sistos Rangel, el Secretario de Innovaci\u00f3n y Efectividad Gubernamental, Antonio Plaza Urbina, as\u00ed como la encargada del orden de la colonia Ampliaci\u00f3n Ignacio L\u00f3pez Ray\u00f3n, Margarita Pi\u00f1\u00f3n Sosa, la encargada del orden de la colonia M\u00e1rtires de la Plaza, Teresa Ferrer Ceja, la encargada del orden colonia Ampliaci\u00f3n Mariana Escobedo, Silvia Ru\u00edz, la encargada del orden de la colonia Nicol\u00e1s Romero, Teresa Garc\u00eda y la encargada del orden de la colonia Primaveras, y Beatriz Morenos, el Alcalde, Alfonso Mart\u00ednez reiter\u00f3 que el objetivo de esta actividad es establecer un intercambio de comunicaci\u00f3n y escuchar las necesidades de cada colonia.<\/p>\n<p>\u201cDe eso se trata este programa, de no venir nada m\u00e1s un d\u00eda y arreglar la colonia, pintarla, balizarla y poner el foco que hace falta, se trata tambi\u00e9n de tener comunicaci\u00f3n, de escuchar las necesidades, llev\u00e1rnoslas o resolver aqu\u00ed lo que est\u00e9 en nuestras posibilidades; yo le he dicho a mis funcionarios una situaci\u00f3n muy sencilla y muy simple, a la gente no le gusta dar vueltas\u201d, se\u00f1al\u00f3.<\/p>\n<p>Asegur\u00f3 que durante la actual Administraci\u00f3n se promueven estrategias tendientes a la transparencia en el manejo de recursos, por lo que cada peso es invertido de la mejor manera procurando incidir positivamente en la calidad de vida de los morelianos, por ello, dijo, en este Gobierno se invertir\u00e1n 10 millones de pesos en el tema de bacheo de calles y 60 millones se utilizaran en el reencarpetamiento.<\/p>\n","protected":false},"excerpt":{"rendered":"<p>Con el compromiso de atender de manera directa las necesidades de cada una de las colonias del municipio, se llev\u00f3 a cabo la tercera edici\u00f3n del programa \u201cPresidente en tu Colonia\u201d, <\/p>\n","protected":false},"author":1,"featured_media":23147,"comment_status":"open","ping_status":"open","sticky":false,"template":"","format":"standard","meta":{"footnotes":""},"categories":[14,9],"tags":[],"class_list":["post-23146","post","type-post","status-publish","format-standard","has-post-thumbnail","hentry","category-destacadas","category-morelia"],"_links":{"self":[{"href":"https:\/\/radiowebmx.com\/nota\/wp-json\/wp\/v2\/posts\/23146","targetHints":{"allow":["GET"]}}],"collection":[{"href":"https:\/\/radiowebmx.com\/nota\/wp-json\/wp\/v2\/posts"}],"about":[{"href":"https:\/\/radiowebmx.com\/nota\/wp-json\/wp\/v2\/types\/post"}],"author":[{"embeddable":true,"href":"https:\/\/radiowebmx.com\/nota\/wp-json\/wp\/v2\/users\/1"}],"replies":[{"embeddable":true,"href":"https:\/\/radiowebmx.com\/nota\/wp-json\/wp\/v2\/comments?post=23146"}],"version-history":[{"count":1,"href":"https:\/\/radiowebmx.com\/nota\/wp-json\/wp\/v2\/posts\/23146\/revisions"}],"predecessor-version":[{"id":23148,"href":"https:\/\/radiowebmx.com\/nota\/wp-json\/wp\/v2\/posts\/23146\/revisions\/23148"}],"wp:featuredmedia":[{"embeddable":true,"href":"https:\/\/radiowebmx.com\/nota\/wp-json\/wp\/v2\/media\/23147"}],"wp:attachment":[{"href":"https:\/\/radiowebmx.com\/nota\/wp-json\/wp\/v2\/media?parent=23146"}],"wp:term":[{"taxonomy":"category","embeddable":true,"href":"https:\/\/radiowebmx.com\/nota\/wp-json\/wp\/v2\/categories?post=23146"},{"taxonomy":"post_tag","embeddable":true,"href":"https:\/\/radiowebmx.com\/nota\/wp-json\/wp\/v2\/tags?post=23146"}],"curies":[{"name":"wp","href":"https:\/\/api.w.org\/{rel}","templated":true}]}}