{"id":23098,"date":"2016-04-27T12:27:45","date_gmt":"2016-04-27T17:27:45","guid":{"rendered":"https:\/\/radiowebmx.com\/nota\/?p=23098"},"modified":"2016-04-27T12:27:45","modified_gmt":"2016-04-27T17:27:45","slug":"gobierno-municipal-apuesta-a-promover-el-desarrollo-integral-de-los-ninos-morelianos","status":"publish","type":"post","link":"https:\/\/radiowebmx.com\/nota\/gobierno-municipal-apuesta-a-promover-el-desarrollo-integral-de-los-ninos-morelianos\/","title":{"rendered":"Gobierno Municipal apuesta a promover el desarrollo integral de los ni\u00f1os morelianos"},"content":{"rendered":"<p><a href=\"https:\/\/radiowebmx.com\/nota\/wp-content\/uploads\/2016\/04\/5435e665-44a8-4895-bdea-3fe2831877f0.jpg\"><img loading=\"lazy\" decoding=\"async\" class=\"alignleft size-full wp-image-23099\" src=\"https:\/\/radiowebmx.com\/nota\/wp-content\/uploads\/2016\/04\/5435e665-44a8-4895-bdea-3fe2831877f0.jpg\" alt=\"5435e665-44a8-4895-bdea-3fe2831877f0\" width=\"591\" height=\"285\" srcset=\"https:\/\/radiowebmx.com\/nota\/wp-content\/uploads\/2016\/04\/5435e665-44a8-4895-bdea-3fe2831877f0.jpg 591w, https:\/\/radiowebmx.com\/nota\/wp-content\/uploads\/2016\/04\/5435e665-44a8-4895-bdea-3fe2831877f0-300x145.jpg 300w\" sizes=\"auto, (max-width: 591px) 100vw, 591px\" \/><\/a>Promover el desarrollo integral de los ni\u00f1os y j\u00f3venes morelianos, mediante programas que alienten su acceso y continuidad escolar, es para el Gobierno Municipal una de las principales prioridades, destac\u00f3 el Secretario de Desarrollo Humano y Bienestar Social, Guillermo Cuitl\u00e1huac Mar\u00edn Ch\u00e1vez, al encabezar la Entrega de Becas Alimentarias a estudiantes del municipio.<\/p>\n<p>En las instalaciones del Auditorio de Contingencias \u201cLic. Servando Ch\u00e1vez Hern\u00e1ndez\u201d y ante la presencia del Director de Desarrollo Humano, Israel Tena Guti\u00e9rrez, el funcionario municipal entreg\u00f3 de manera simb\u00f3lica siete de las mil 600 becas alimentarias que reciben 400 alumnos de escuelas p\u00fablicas de nivel b\u00e1sico en la ciudad, correspondiente a los meses de enero a abril del presente a\u00f1o.<\/p>\n<p>\u201cPara el ayuntamiento de Morelia y para el Presidente Municipal, Alfonso Mart\u00ednez Alc\u00e1zar, es de primordial importancia que los j\u00f3venes estudien y que tengamos ni\u00f1os preparados, por ello a trav\u00e9s de este programa se otorga no s\u00f3lo apoyo econ\u00f3mico sino tambi\u00e9n alimentario para que los ni\u00f1os tengan garantizada su formaci\u00f3n acad\u00e9mica, evitando la deserci\u00f3n escolar en la capital del estado\u201d, detall\u00f3.<\/p>\n<p>Asimismo, el encargado de la pol\u00edtica de desarrollo social en el municipio, indic\u00f3 que la actual administraci\u00f3n est\u00e1 \u201cpreocupada y ocupada en resolver las necesidades de los morelianos\u201d, de ah\u00ed que la dependencia redobla esfuerzos a fin de brindar mejores oportunidades a las familias del municipio.<\/p>\n<p>En su oportunidad, el Director de Desarrollo Humano, Israel Tena, conmin\u00f3 a los padres de familia presentes a incentivar la permanencia de sus hijos en la escuela, pues refiri\u00f3 que la educaci\u00f3n representa la base para que accedan a una mejor calidad de vida.<\/p>\n<p>\u201cLos estudios que se han realizado en M\u00e9xico dicen que para que a una persona encuentre trabajo estable y tener un ingreso decoroso, requiere haber terminado el bachillerato o una carrera t\u00e9cnica. Es por esto, que este programa de becas busca motivar a los pap\u00e1s y a los ni\u00f1os para que sigan estudiando\u201d, indic\u00f3.<\/p>\n<p>Al hacer uso de la voz, el estudiante de la Escuela Primaria Madero y Pino Su\u00e1rez y beneficiario del programa municipal, Erick Ignacio Vega Quintana, reconoci\u00f3 la disposici\u00f3n del Alcalde Alfonso Mart\u00ednez \u201cpor estar del lado de la educaci\u00f3n\u201d. De igual forma, agradeci\u00f3 a nombre de los beneficiaros el apoyo de la administraci\u00f3n municipal, \u201cel cual los motiva a ser mejores cada d\u00eda, a no desertar y seguir estudiando, para prepararnos y formarnos para nuestro futuro\u201d, se\u00f1al\u00f3.<\/p>\n","protected":false},"excerpt":{"rendered":"<p>Promover el desarrollo integral de los ni\u00f1os y j\u00f3venes morelianos, mediante programas que alienten su acceso y continuidad escolar, es para el Gobierno Municipal una de las principales prioridades, <\/p>\n","protected":false},"author":1,"featured_media":23099,"comment_status":"open","ping_status":"open","sticky":false,"template":"","format":"standard","meta":{"footnotes":""},"categories":[14,9],"tags":[],"class_list":["post-23098","post","type-post","status-publish","format-standard","has-post-thumbnail","hentry","category-destacadas","category-morelia"],"_links":{"self":[{"href":"https:\/\/radiowebmx.com\/nota\/wp-json\/wp\/v2\/posts\/23098","targetHints":{"allow":["GET"]}}],"collection":[{"href":"https:\/\/radiowebmx.com\/nota\/wp-json\/wp\/v2\/posts"}],"about":[{"href":"https:\/\/radiowebmx.com\/nota\/wp-json\/wp\/v2\/types\/post"}],"author":[{"embeddable":true,"href":"https:\/\/radiowebmx.com\/nota\/wp-json\/wp\/v2\/users\/1"}],"replies":[{"embeddable":true,"href":"https:\/\/radiowebmx.com\/nota\/wp-json\/wp\/v2\/comments?post=23098"}],"version-history":[{"count":1,"href":"https:\/\/radiowebmx.com\/nota\/wp-json\/wp\/v2\/posts\/23098\/revisions"}],"predecessor-version":[{"id":23100,"href":"https:\/\/radiowebmx.com\/nota\/wp-json\/wp\/v2\/posts\/23098\/revisions\/23100"}],"wp:featuredmedia":[{"embeddable":true,"href":"https:\/\/radiowebmx.com\/nota\/wp-json\/wp\/v2\/media\/23099"}],"wp:attachment":[{"href":"https:\/\/radiowebmx.com\/nota\/wp-json\/wp\/v2\/media?parent=23098"}],"wp:term":[{"taxonomy":"category","embeddable":true,"href":"https:\/\/radiowebmx.com\/nota\/wp-json\/wp\/v2\/categories?post=23098"},{"taxonomy":"post_tag","embeddable":true,"href":"https:\/\/radiowebmx.com\/nota\/wp-json\/wp\/v2\/tags?post=23098"}],"curies":[{"name":"wp","href":"https:\/\/api.w.org\/{rel}","templated":true}]}}