{"id":23095,"date":"2016-04-27T12:25:02","date_gmt":"2016-04-27T17:25:02","guid":{"rendered":"https:\/\/radiowebmx.com\/nota\/?p=23095"},"modified":"2016-04-27T12:25:02","modified_gmt":"2016-04-27T17:25:02","slug":"inicia-en-morelia-operativo-de-monitoreo-de-vehiculos-ostensiblemente-contaminantes","status":"publish","type":"post","link":"https:\/\/radiowebmx.com\/nota\/inicia-en-morelia-operativo-de-monitoreo-de-vehiculos-ostensiblemente-contaminantes\/","title":{"rendered":"Inicia en Morelia operativo de Monitoreo de Veh\u00edculos Ostensiblemente Contaminantes"},"content":{"rendered":"<p><a href=\"https:\/\/radiowebmx.com\/nota\/wp-content\/uploads\/2016\/04\/0c0343d7-ba47-4282-9cb6-6ab4bddbf35a.jpg\"><img loading=\"lazy\" decoding=\"async\" class=\"alignleft size-full wp-image-23096\" src=\"https:\/\/radiowebmx.com\/nota\/wp-content\/uploads\/2016\/04\/0c0343d7-ba47-4282-9cb6-6ab4bddbf35a.jpg\" alt=\"0c0343d7-ba47-4282-9cb6-6ab4bddbf35a\" width=\"591\" height=\"335\" srcset=\"https:\/\/radiowebmx.com\/nota\/wp-content\/uploads\/2016\/04\/0c0343d7-ba47-4282-9cb6-6ab4bddbf35a.jpg 591w, https:\/\/radiowebmx.com\/nota\/wp-content\/uploads\/2016\/04\/0c0343d7-ba47-4282-9cb6-6ab4bddbf35a-300x170.jpg 300w, https:\/\/radiowebmx.com\/nota\/wp-content\/uploads\/2016\/04\/0c0343d7-ba47-4282-9cb6-6ab4bddbf35a-128x72.jpg 128w\" sizes=\"auto, (max-width: 591px) 100vw, 591px\" \/><\/a>Por la importante actividad econ\u00f3mica que concentra Morelia y debido a que presenta una matr\u00edcula vehicular superior a las 400 mil unidades, la Procuradur\u00eda de Protecci\u00f3n al Ambiente de Michoac\u00e1n (ProAm), que encabeza Juan Carlos Vega Sol\u00f3rzano, dio arranque al operativo de Monitoreo de Veh\u00edculos Ostensiblemente Contaminantes 2016, cuyo objetivo es contribuir a contener el deterioro de la calidad del aire y a mitigar las causas del cambio clim\u00e1tico.<\/p>\n<p>Los autom\u00f3viles que muestren emisi\u00f3n de humo negro o azul y que excedan los l\u00edmites de emisi\u00f3n de contaminantes permisibles establecidos en las Normas Oficiales Mexicanas, ser\u00e1n acreedores a sanciones como retenci\u00f3n de una de las placas de circulaci\u00f3n o de tarjeta de circulaci\u00f3n; para su devoluci\u00f3n y evitar as\u00ed una multa, los propietarios tendr\u00e1n 30 d\u00edas naturales para demostrar ante la ProAm el certificado de aprobaci\u00f3n de la verificaci\u00f3n vehicular expedido por un Centro de Verificaci\u00f3n Vehicular.<\/p>\n<p>Vega Sol\u00f3rzano refrend\u00f3 la invitaci\u00f3n a la ciudadan\u00eda a mantener en buenas condiciones mec\u00e1nicas sus unidades para evitar contaminar.<\/p>\n<p>\u201cLa\u00a0 calidad del aire en Morelia cumple con los est\u00e1ndares del Instituto Nacional de Ecolog\u00eda, pero no por ello debemos permitir su incremento, debemos tomar medidas en la procuraci\u00f3n de protecci\u00f3n al ambiente. Los efectos del cambio clim\u00e1tico ya est\u00e1n sucediendo, contribuyamos a mitigarlos, es en beneficio de todos\u201d, expres\u00f3.<\/p>\n<p>Cabe mencionar que en el punto de verificaci\u00f3n instalado en la avenida Acueducto, frente al Centro Deportivo Ej\u00e9rcito de la Revoluci\u00f3n, estuvieron presentes el director de Protecci\u00f3n al Medio Ambiente de Morelia, Marco Tulio Campos Vargas, y elementos polic\u00edacos, dando certidumbre a la actuaci\u00f3n, en cumplimiento al convenio de colaboraci\u00f3n en materia ambiental signado con el Ayuntamiento capitalino el mes pasado.<\/p>\n","protected":false},"excerpt":{"rendered":"<p>Por la importante actividad econ\u00f3mica que concentra Morelia y debido a que presenta una matr\u00edcula vehicular superior a las 400 mil unidades, la Procuradur\u00eda de Protecci\u00f3n al Ambiente de Michoac\u00e1n (ProAm),<\/p>\n","protected":false},"author":1,"featured_media":23096,"comment_status":"open","ping_status":"open","sticky":false,"template":"","format":"standard","meta":{"footnotes":""},"categories":[14,3],"tags":[],"class_list":["post-23095","post","type-post","status-publish","format-standard","has-post-thumbnail","hentry","category-destacadas","category-gobierno-del-estado-de-michoacan"],"_links":{"self":[{"href":"https:\/\/radiowebmx.com\/nota\/wp-json\/wp\/v2\/posts\/23095","targetHints":{"allow":["GET"]}}],"collection":[{"href":"https:\/\/radiowebmx.com\/nota\/wp-json\/wp\/v2\/posts"}],"about":[{"href":"https:\/\/radiowebmx.com\/nota\/wp-json\/wp\/v2\/types\/post"}],"author":[{"embeddable":true,"href":"https:\/\/radiowebmx.com\/nota\/wp-json\/wp\/v2\/users\/1"}],"replies":[{"embeddable":true,"href":"https:\/\/radiowebmx.com\/nota\/wp-json\/wp\/v2\/comments?post=23095"}],"version-history":[{"count":1,"href":"https:\/\/radiowebmx.com\/nota\/wp-json\/wp\/v2\/posts\/23095\/revisions"}],"predecessor-version":[{"id":23097,"href":"https:\/\/radiowebmx.com\/nota\/wp-json\/wp\/v2\/posts\/23095\/revisions\/23097"}],"wp:featuredmedia":[{"embeddable":true,"href":"https:\/\/radiowebmx.com\/nota\/wp-json\/wp\/v2\/media\/23096"}],"wp:attachment":[{"href":"https:\/\/radiowebmx.com\/nota\/wp-json\/wp\/v2\/media?parent=23095"}],"wp:term":[{"taxonomy":"category","embeddable":true,"href":"https:\/\/radiowebmx.com\/nota\/wp-json\/wp\/v2\/categories?post=23095"},{"taxonomy":"post_tag","embeddable":true,"href":"https:\/\/radiowebmx.com\/nota\/wp-json\/wp\/v2\/tags?post=23095"}],"curies":[{"name":"wp","href":"https:\/\/api.w.org\/{rel}","templated":true}]}}