{"id":23089,"date":"2016-04-27T11:14:59","date_gmt":"2016-04-27T16:14:59","guid":{"rendered":"https:\/\/radiowebmx.com\/nota\/?p=23089"},"modified":"2016-04-27T11:14:59","modified_gmt":"2016-04-27T16:14:59","slug":"las-relaciones-de-mexico-con-china-estrategicas-para-la-politica-exterior-senadores-del-pri","status":"publish","type":"post","link":"https:\/\/radiowebmx.com\/nota\/las-relaciones-de-mexico-con-china-estrategicas-para-la-politica-exterior-senadores-del-pri\/","title":{"rendered":"LAS RELACIONES DE M\u00c9XICO CON CHINA, ESTRAT\u00c9GICAS PARA LA POL\u00cdTICA EXTERIOR: SENADORES DEL PRI"},"content":{"rendered":"<p><a href=\"https:\/\/radiowebmx.com\/nota\/wp-content\/uploads\/2016\/04\/2.jpe\"><img loading=\"lazy\" decoding=\"async\" class=\"alignleft size-full wp-image-23090\" src=\"https:\/\/radiowebmx.com\/nota\/wp-content\/uploads\/2016\/04\/2.jpe\" alt=\"2\" width=\"591\" height=\"337\" srcset=\"https:\/\/radiowebmx.com\/nota\/wp-content\/uploads\/2016\/04\/2.jpe 591w, https:\/\/radiowebmx.com\/nota\/wp-content\/uploads\/2016\/04\/2-300x171.jpe 300w, https:\/\/radiowebmx.com\/nota\/wp-content\/uploads\/2016\/04\/2-128x72.jpe 128w\" sizes=\"auto, (max-width: 591px) 100vw, 591px\" \/><\/a>Los senadores del PRI Manuel Cavazos y Ascenci\u00f3n Orihuela se\u00f1alaron que las relaciones de M\u00e9xico con la Rep\u00fablica Popular China son cruciales y estrat\u00e9gicas para la pol\u00edtica exterior, y afirmaron que los v\u00ednculos pol\u00edticos entre ambas naciones fortalecen las relaciones, que cuentan con una intensa agenda bilateral.<\/p>\n<p>Durante una reuni\u00f3n de la Comisi\u00f3n de Relaciones Exteriores Asia Pac\u00edfico, con el miembro de la Comisi\u00f3n Permanente del Partido del Tibet y de la Asamblea Popular Nacional, Qizhala, expresaron que nuestro pa\u00eds busca fomentar la cooperaci\u00f3n y la solidaridad internacional, como parte de su pol\u00edtica exterior y con China no es la excepci\u00f3n.<\/p>\n<p>Cavazos Lerma dijo que en 2010 se conform\u00f3 el Foro de Di\u00e1logo Parlamentario entre la Asamblea Popular Nacional China y el Congreso de la Uni\u00f3n, como un mecanismo de interlocuci\u00f3n y un espacio para analizar la agenda com\u00fan, con una perspectiva legislativa, y que busca encauzar la cooperaci\u00f3n y resolver cualquier diferencia.<\/p>\n<p>Destac\u00f3 adem\u00e1s las buenas relaciones entre el jefe de Estado mexicano, Enrique Pe\u00f1a Nieto, y el de China, Xi Jinping, las cuales se han fortalecido recientemente y se percibe una gran afinidad, que va m\u00e1s all\u00e1 de lo pol\u00edtico, econ\u00f3mico, social y cultural.<\/p>\n<p>El legislador tamaulipeco resalt\u00f3 las pol\u00edticas aplicadas en la regi\u00f3n aut\u00f3noma del Tibet y que han permitido reducir, de manera sustancial, la pobreza y elevar el crecimiento y el desarrollo en la regi\u00f3n, y \u201cnos gustar\u00eda aprender de esas experiencias que nos ayudan mucho, porque nos impulsan los mismos objetivos: reducir la desigualdad\u201d.<\/p>\n<p>Orihuela expuso que este encuentro es una nueva oportunidad para fortalecer los lazos entre ambas naciones, en la que sin duda el di\u00e1logo legislativo es un paso que vigoriza y fortalece el intercambio y cooperaci\u00f3n.<\/p>\n","protected":false},"excerpt":{"rendered":"<p>Los senadores del PRI Manuel Cavazos y Ascenci\u00f3n Orihuela se\u00f1alaron que las relaciones de M\u00e9xico con la Rep\u00fablica Popular China son cruciales y estrat\u00e9gicas para la pol\u00edtica exterior,<\/p>\n","protected":false},"author":1,"featured_media":23090,"comment_status":"open","ping_status":"open","sticky":false,"template":"","format":"standard","meta":{"footnotes":""},"categories":[14],"tags":[],"class_list":["post-23089","post","type-post","status-publish","format-standard","has-post-thumbnail","hentry","category-destacadas"],"_links":{"self":[{"href":"https:\/\/radiowebmx.com\/nota\/wp-json\/wp\/v2\/posts\/23089","targetHints":{"allow":["GET"]}}],"collection":[{"href":"https:\/\/radiowebmx.com\/nota\/wp-json\/wp\/v2\/posts"}],"about":[{"href":"https:\/\/radiowebmx.com\/nota\/wp-json\/wp\/v2\/types\/post"}],"author":[{"embeddable":true,"href":"https:\/\/radiowebmx.com\/nota\/wp-json\/wp\/v2\/users\/1"}],"replies":[{"embeddable":true,"href":"https:\/\/radiowebmx.com\/nota\/wp-json\/wp\/v2\/comments?post=23089"}],"version-history":[{"count":1,"href":"https:\/\/radiowebmx.com\/nota\/wp-json\/wp\/v2\/posts\/23089\/revisions"}],"predecessor-version":[{"id":23091,"href":"https:\/\/radiowebmx.com\/nota\/wp-json\/wp\/v2\/posts\/23089\/revisions\/23091"}],"wp:featuredmedia":[{"embeddable":true,"href":"https:\/\/radiowebmx.com\/nota\/wp-json\/wp\/v2\/media\/23090"}],"wp:attachment":[{"href":"https:\/\/radiowebmx.com\/nota\/wp-json\/wp\/v2\/media?parent=23089"}],"wp:term":[{"taxonomy":"category","embeddable":true,"href":"https:\/\/radiowebmx.com\/nota\/wp-json\/wp\/v2\/categories?post=23089"},{"taxonomy":"post_tag","embeddable":true,"href":"https:\/\/radiowebmx.com\/nota\/wp-json\/wp\/v2\/tags?post=23089"}],"curies":[{"name":"wp","href":"https:\/\/api.w.org\/{rel}","templated":true}]}}