{"id":23085,"date":"2016-04-26T15:06:36","date_gmt":"2016-04-26T20:06:36","guid":{"rendered":"https:\/\/radiowebmx.com\/nota\/?p=23085"},"modified":"2016-04-26T15:06:36","modified_gmt":"2016-04-26T20:06:36","slug":"michoacan-y-estado-de-mexico-anuncian-la-ruta-de-pueblos-mineros","status":"publish","type":"post","link":"https:\/\/radiowebmx.com\/nota\/michoacan-y-estado-de-mexico-anuncian-la-ruta-de-pueblos-mineros\/","title":{"rendered":"Michoac\u00e1n y Estado de M\u00e9xico anuncian la Ruta de Pueblos Mineros"},"content":{"rendered":"<p><a href=\"https:\/\/radiowebmx.com\/nota\/wp-content\/uploads\/2016\/04\/2042d4f2-205b-485a-bb62-a2d01ec2606e.jpeg\"><img loading=\"lazy\" decoding=\"async\" class=\"alignleft size-full wp-image-23086\" src=\"https:\/\/radiowebmx.com\/nota\/wp-content\/uploads\/2016\/04\/2042d4f2-205b-485a-bb62-a2d01ec2606e.jpeg\" alt=\"2042d4f2-205b-485a-bb62-a2d01ec2606e\" width=\"591\" height=\"332\" srcset=\"https:\/\/radiowebmx.com\/nota\/wp-content\/uploads\/2016\/04\/2042d4f2-205b-485a-bb62-a2d01ec2606e.jpeg 591w, https:\/\/radiowebmx.com\/nota\/wp-content\/uploads\/2016\/04\/2042d4f2-205b-485a-bb62-a2d01ec2606e-300x169.jpeg 300w, https:\/\/radiowebmx.com\/nota\/wp-content\/uploads\/2016\/04\/2042d4f2-205b-485a-bb62-a2d01ec2606e-128x72.jpeg 128w\" sizes=\"auto, (max-width: 591px) 100vw, 591px\" \/><\/a>Michoac\u00e1n y el Estado de M\u00e9xico anunciaron el inicio formal de la uni\u00f3n de esfuerzos para impulsar la Ruta de los Pueblos Mineros en la regi\u00f3n Pa\u00eds de la Monarca. Con esta acci\u00f3n Michoac\u00e1n abri\u00f3 la primera jornada de negocios del 41\u00b0 Tianguis Tur\u00edstico de M\u00e9xico.<\/p>\n<p>Poco antes del acto protocolario, el Pabell\u00f3n Michoac\u00e1n recibi\u00f3 el arribo de la delegaci\u00f3n de empresarios de todas las regiones michoacanas que, con citas en mano, se dispusieron a tomar sus lugares en los m\u00f3dulos de atenci\u00f3n para buscar la firma de acuerdos comerciales, oportunidades y estrategias de negocios que redit\u00faen un incremento en el flujo de viajeros que recibe cada a\u00f1o la entidad.<\/p>\n<p>En este marco, la titulares de las secretar\u00edas de Turismo de Michoac\u00e1n y del Estado de M\u00e9xico, Liliana L\u00f3pez Buenrostro y Rosalinda Elizabeth Ben\u00edtez Gonz\u00e1lez, respectivamente, anunciaron la uni\u00f3n de esfuerzos para impulsar\u00a0el dise\u00f1o de estrategias orientadas al fomento y la promoci\u00f3n del producto tur\u00edstico\u00a0Ruta de Pueblos Mineros, que comprende los municipios michoacanos de Tlalpujahua, Angangueo, as\u00ed como la demarcaci\u00f3n mexiquense de El Oro.<\/p>\n<p>Adem\u00e1s de estar unidos en la ruta de Pueblos Mineros y en el nombramiento de Pueblos M\u00e1gicos de M\u00e9xico, Tlalpujahua, Angangueo y El Oro se ubican en el territorio de monta\u00f1a conocido como el Pa\u00eds de la Monarca, y se dice que tambi\u00e9n comparten la misma veta mineral que en el pasado le dio a M\u00e9xico grandes riquezas.<\/p>\n","protected":false},"excerpt":{"rendered":"<p>Michoac\u00e1n y el Estado de M\u00e9xico anunciaron el inicio formal de la uni\u00f3n de esfuerzos para impulsar la Ruta de los Pueblos Mineros en la regi\u00f3n Pa\u00eds de la Monarca. Con esta acci\u00f3n Michoac\u00e1n abri\u00f3 la primera jornada de negocios del 41\u00b0 Tianguis Tur\u00edstico de M\u00e9xico. <\/p>\n","protected":false},"author":1,"featured_media":23086,"comment_status":"open","ping_status":"open","sticky":false,"template":"","format":"standard","meta":{"footnotes":""},"categories":[14,3],"tags":[],"class_list":["post-23085","post","type-post","status-publish","format-standard","has-post-thumbnail","hentry","category-destacadas","category-gobierno-del-estado-de-michoacan"],"_links":{"self":[{"href":"https:\/\/radiowebmx.com\/nota\/wp-json\/wp\/v2\/posts\/23085","targetHints":{"allow":["GET"]}}],"collection":[{"href":"https:\/\/radiowebmx.com\/nota\/wp-json\/wp\/v2\/posts"}],"about":[{"href":"https:\/\/radiowebmx.com\/nota\/wp-json\/wp\/v2\/types\/post"}],"author":[{"embeddable":true,"href":"https:\/\/radiowebmx.com\/nota\/wp-json\/wp\/v2\/users\/1"}],"replies":[{"embeddable":true,"href":"https:\/\/radiowebmx.com\/nota\/wp-json\/wp\/v2\/comments?post=23085"}],"version-history":[{"count":1,"href":"https:\/\/radiowebmx.com\/nota\/wp-json\/wp\/v2\/posts\/23085\/revisions"}],"predecessor-version":[{"id":23087,"href":"https:\/\/radiowebmx.com\/nota\/wp-json\/wp\/v2\/posts\/23085\/revisions\/23087"}],"wp:featuredmedia":[{"embeddable":true,"href":"https:\/\/radiowebmx.com\/nota\/wp-json\/wp\/v2\/media\/23086"}],"wp:attachment":[{"href":"https:\/\/radiowebmx.com\/nota\/wp-json\/wp\/v2\/media?parent=23085"}],"wp:term":[{"taxonomy":"category","embeddable":true,"href":"https:\/\/radiowebmx.com\/nota\/wp-json\/wp\/v2\/categories?post=23085"},{"taxonomy":"post_tag","embeddable":true,"href":"https:\/\/radiowebmx.com\/nota\/wp-json\/wp\/v2\/tags?post=23085"}],"curies":[{"name":"wp","href":"https:\/\/api.w.org\/{rel}","templated":true}]}}