{"id":23070,"date":"2016-04-26T14:23:44","date_gmt":"2016-04-26T19:23:44","guid":{"rendered":"https:\/\/radiowebmx.com\/nota\/?p=23070"},"modified":"2016-04-26T14:23:44","modified_gmt":"2016-04-26T19:23:44","slug":"michoacan-sede-de-la-64-magna-entrega-del-microfono-de-oro","status":"publish","type":"post","link":"https:\/\/radiowebmx.com\/nota\/michoacan-sede-de-la-64-magna-entrega-del-microfono-de-oro\/","title":{"rendered":"Michoac\u00e1n, sede de la 64\u00b0 magna entrega del Micr\u00f3fono de Oro"},"content":{"rendered":"<p><a href=\"https:\/\/radiowebmx.com\/nota\/wp-content\/uploads\/2016\/04\/1c1b49e0-dbd0-4394-8f58-bd0be2638f55.jpg\"><img loading=\"lazy\" decoding=\"async\" class=\"alignleft size-full wp-image-23071\" src=\"https:\/\/radiowebmx.com\/nota\/wp-content\/uploads\/2016\/04\/1c1b49e0-dbd0-4394-8f58-bd0be2638f55.jpg\" alt=\"1c1b49e0-dbd0-4394-8f58-bd0be2638f55\" width=\"591\" height=\"260\" srcset=\"https:\/\/radiowebmx.com\/nota\/wp-content\/uploads\/2016\/04\/1c1b49e0-dbd0-4394-8f58-bd0be2638f55.jpg 591w, https:\/\/radiowebmx.com\/nota\/wp-content\/uploads\/2016\/04\/1c1b49e0-dbd0-4394-8f58-bd0be2638f55-300x132.jpg 300w\" sizes=\"auto, (max-width: 591px) 100vw, 591px\" \/><\/a>Michoac\u00e1n ser\u00e1 sede de la 64 magna edici\u00f3n de la entrega del Micr\u00f3fono de Oro, m\u00e1xima presea que otorga la Asociaci\u00f3n Nacional de Locutores de M\u00e9xico y cuya ceremonia se llevar\u00e1 a cabo el pr\u00f3ximo 4 de mayo en Morelia, anunci\u00f3 la Coordinadora General de Comunicaci\u00f3n Social del Gobierno del Estado, Julieta L\u00f3pez Bautista.<\/p>\n<p>\u201cRecibir esta ceremonia es un reconocimiento a lo que Michoac\u00e1n significa para el pa\u00eds. Nuestro estado se encuentra en franco reposicionamiento como destino tur\u00edstico y para las inversiones\u201d, destac\u00f3 en conferencia de prensa celebrada este lunes en la Ciudad de M\u00e9xico, acompa\u00f1ada de la presidenta y el director art\u00edstico de la Asociaci\u00f3n Nacional de Locutores de M\u00e9xico, Rosal\u00eda Bua\u00fan S\u00e1nchez y Armando H. Portillo, respectivamente.<\/p>\n<p>A nombre del Gobernador del Estado, Silvano Aureoles Conejo, la funcionaria estatal agradeci\u00f3 a la Asociaci\u00f3n Nacional de Locutores de M\u00e9xico por haber elegido a Michoac\u00e1n como sede de este magno evento, el cual le dar\u00e1 la oportunidad a recibir a comunicadores, artistas y actores de gran relevancia nacional e internacional, a quienes solicit\u00f3 promover la nobleza de las y los michoacanos y la grandeza de esta tierra.<\/p>\n<p>Resalt\u00f3 que el Gobierno que encabeza Silvano Aureoles Conejo recibi\u00f3 con agrado la propuesta de que Michoac\u00e1n sea sede de la entrega del Micr\u00f3fono de Oro \u2013que en esta ocasi\u00f3n ser\u00e1 otorgado a la productora Carla Estrada- pues recibir eventos de relevancia como \u00e9ste ayuda a mejorar la percepci\u00f3n que se tiene del estado.<\/p>\n<p>En este tenor, reconoci\u00f3 que la labor de los comunicadores es fundamental para proyectar a Michoac\u00e1n ante M\u00e9xico y el mundo como lo que realmente es: un estado con much\u00edsimas riquezas y con un gran capital humano, que es su principal activo para salir adelante.<\/p>\n<p>La Coordinadora General de Comunicaci\u00f3n Social coment\u00f3 que la magna entrega del Micr\u00f3fono de Oro se llevar\u00e1 a cabo en el marco de la Expo Fiesta Michoac\u00e1n 2016, la cual \u2013con un programa de actividades totalmente renovado y una nueva imagen- ser\u00e1 un foro en el que se podr\u00e1 conocer y reconocer lo m\u00e1s representativo del estado, su cultura y arte popular, adem\u00e1s de que ser\u00e1 un escaparate para las m\u00faltiples vocaciones productivas de la entidad.<\/p>\n<p>\u201cTenemos muchos atractivos para agasajar a nuestros visitantes, as\u00ed que, sinceramente, con mucho cari\u00f1o, a nombre del Gobernador del Estado, Silvano Aureoles Conejo, los invitamos a darse la oportunidad de conocer lo que realmente es Michoac\u00e1n, lo que realmente somos las y los michoacanos. Se enamorar\u00e1n de la belleza arquitect\u00f3nica de nuestro estado, de sus tradiciones, de su cultura y de su gente, de tal manera que querr\u00e1n quedarse con nosotros o regresar cuanto antes\u201d, finaliz\u00f3.<\/p>\n","protected":false},"excerpt":{"rendered":"<p>Michoac\u00e1n ser\u00e1 sede de la 64 magna edici\u00f3n de la entrega del Micr\u00f3fono de Oro, m\u00e1xima presea que otorga la Asociaci\u00f3n Nacional de Locutores de M\u00e9xico y cuya ceremonia se llevar\u00e1 a cabo el pr\u00f3ximo 4 de mayo en Morelia, <\/p>\n","protected":false},"author":1,"featured_media":23071,"comment_status":"open","ping_status":"open","sticky":false,"template":"","format":"standard","meta":{"footnotes":""},"categories":[14,3],"tags":[],"class_list":["post-23070","post","type-post","status-publish","format-standard","has-post-thumbnail","hentry","category-destacadas","category-gobierno-del-estado-de-michoacan"],"_links":{"self":[{"href":"https:\/\/radiowebmx.com\/nota\/wp-json\/wp\/v2\/posts\/23070","targetHints":{"allow":["GET"]}}],"collection":[{"href":"https:\/\/radiowebmx.com\/nota\/wp-json\/wp\/v2\/posts"}],"about":[{"href":"https:\/\/radiowebmx.com\/nota\/wp-json\/wp\/v2\/types\/post"}],"author":[{"embeddable":true,"href":"https:\/\/radiowebmx.com\/nota\/wp-json\/wp\/v2\/users\/1"}],"replies":[{"embeddable":true,"href":"https:\/\/radiowebmx.com\/nota\/wp-json\/wp\/v2\/comments?post=23070"}],"version-history":[{"count":1,"href":"https:\/\/radiowebmx.com\/nota\/wp-json\/wp\/v2\/posts\/23070\/revisions"}],"predecessor-version":[{"id":23072,"href":"https:\/\/radiowebmx.com\/nota\/wp-json\/wp\/v2\/posts\/23070\/revisions\/23072"}],"wp:featuredmedia":[{"embeddable":true,"href":"https:\/\/radiowebmx.com\/nota\/wp-json\/wp\/v2\/media\/23071"}],"wp:attachment":[{"href":"https:\/\/radiowebmx.com\/nota\/wp-json\/wp\/v2\/media?parent=23070"}],"wp:term":[{"taxonomy":"category","embeddable":true,"href":"https:\/\/radiowebmx.com\/nota\/wp-json\/wp\/v2\/categories?post=23070"},{"taxonomy":"post_tag","embeddable":true,"href":"https:\/\/radiowebmx.com\/nota\/wp-json\/wp\/v2\/tags?post=23070"}],"curies":[{"name":"wp","href":"https:\/\/api.w.org\/{rel}","templated":true}]}}