{"id":23068,"date":"2016-04-26T14:11:14","date_gmt":"2016-04-26T19:11:14","guid":{"rendered":"https:\/\/radiowebmx.com\/nota\/?p=23068"},"modified":"2016-04-26T14:11:14","modified_gmt":"2016-04-26T19:11:14","slug":"la-cocotra-por-el-reordenamiento-del-transporte-publico-en-comunidades-indigenas","status":"publish","type":"post","link":"https:\/\/radiowebmx.com\/nota\/la-cocotra-por-el-reordenamiento-del-transporte-publico-en-comunidades-indigenas\/","title":{"rendered":"La Cocotra, por el reordenamiento del transporte p\u00fablico en comunidades ind\u00edgenas"},"content":{"rendered":"<p><span lang=\"ES-MX\">El transporte p\u00fablico en las comunidades ind\u00edgenas de la entidad presenta una problem\u00e1tica espec\u00edfica que requiere de acciones bien consensuadas, por lo que la Comisi\u00f3n Coordinadora del Transporte P\u00fablico de Michoac\u00e1n (Cocotra) iniciar\u00e1 en breve mesas de trabajo y foros consultivos en las principales regiones ind\u00edgenas.<\/span><\/p>\n<p><span lang=\"ES-MX\">\u00a0<\/span><\/p>\n<p><span lang=\"ES-MX\">De octubre a la fecha, la Cocotra ha realizado m\u00e1s de 15 reuniones con organizaciones y comunidades ind\u00edgenas, as\u00ed como cientos de audiencias p\u00fablicas con ind\u00edgenas nahuas, mazahuas, \u00f1a\u00f1\u00fas y pur\u00e9pechas interesados en mejorar el servicio del transporte en las comunidades.<\/span><\/p>\n<p><span lang=\"ES-MX\">\u00a0<\/span><\/p>\n<p><span lang=\"ES-MX\">Entre las reuniones realizadas para reordenar el transporte en zonas ind\u00edgenas, la Cocotra se ha entrevistado en diversas ocasiones con los integrantes del Concejo Mayor de Cher\u00e1n, as\u00ed como con representantes de autoridades ind\u00edgenas de comunidades de\u00a0Nahuatzen, Paracho, P\u00e1tzcuaro, Zit\u00e1cuaro y Uruapan, y de la Sierra-Costa michoacana.<\/span><\/p>\n<p><span lang=\"ES-MX\">\u00a0<\/span><\/p>\n<p><span lang=\"ES-MX\">Por ello, en coordinaci\u00f3n con las autoridades de los municipios mayoritariamente ind\u00edgenas, la Cocotra iniciar\u00e1 en breve la organizaci\u00f3n de foros para la reordenaci\u00f3n del transporte p\u00fablicos; adem\u00e1s, \u201cestamos trabajando con los presidentes municipales de las regiones para llevar los operativos a las zonas ind\u00edgenas y acelerar la reorganizaci\u00f3n del transporte en nuestros pueblos originarios\u201d, inform\u00f3 la titular de la dependencia estatal, Julieta Gallardo Mora.<\/span><\/p>\n<p><span lang=\"ES-MX\">\u00a0<\/span><\/p>\n<p><span lang=\"ES-MX\">En el mismo tenor, detall\u00f3 que <\/span><span lang=\"ES-MX\">que la Cocotra ya ha iniciado pl\u00e1ticas con los presidentes municipales de Paracho, Nahuatzen, P\u00e1tzcuaro, as\u00ed como con el Concejo Mayor de Cher\u00e1n, a fin de establecer una estrategia de trabajo conjunto que permita resolver la problem\u00e1tica del transporte en los pueblos originarios.<\/span><\/p>\n","protected":false},"excerpt":{"rendered":"<p>El transporte p\u00fablico en las comunidades ind\u00edgenas de la entidad presenta una problem\u00e1tica espec\u00edfica que requiere de acciones bien consensuadas, por lo que la Cocotra iniciar\u00e1 en breve mesas de trabajo y foros consultivos en las principales regiones ind\u00edgenas.<\/p>\n","protected":false},"author":1,"featured_media":0,"comment_status":"open","ping_status":"open","sticky":false,"template":"","format":"standard","meta":{"footnotes":""},"categories":[3],"tags":[],"class_list":["post-23068","post","type-post","status-publish","format-standard","hentry","category-gobierno-del-estado-de-michoacan"],"_links":{"self":[{"href":"https:\/\/radiowebmx.com\/nota\/wp-json\/wp\/v2\/posts\/23068","targetHints":{"allow":["GET"]}}],"collection":[{"href":"https:\/\/radiowebmx.com\/nota\/wp-json\/wp\/v2\/posts"}],"about":[{"href":"https:\/\/radiowebmx.com\/nota\/wp-json\/wp\/v2\/types\/post"}],"author":[{"embeddable":true,"href":"https:\/\/radiowebmx.com\/nota\/wp-json\/wp\/v2\/users\/1"}],"replies":[{"embeddable":true,"href":"https:\/\/radiowebmx.com\/nota\/wp-json\/wp\/v2\/comments?post=23068"}],"version-history":[{"count":1,"href":"https:\/\/radiowebmx.com\/nota\/wp-json\/wp\/v2\/posts\/23068\/revisions"}],"predecessor-version":[{"id":23069,"href":"https:\/\/radiowebmx.com\/nota\/wp-json\/wp\/v2\/posts\/23068\/revisions\/23069"}],"wp:attachment":[{"href":"https:\/\/radiowebmx.com\/nota\/wp-json\/wp\/v2\/media?parent=23068"}],"wp:term":[{"taxonomy":"category","embeddable":true,"href":"https:\/\/radiowebmx.com\/nota\/wp-json\/wp\/v2\/categories?post=23068"},{"taxonomy":"post_tag","embeddable":true,"href":"https:\/\/radiowebmx.com\/nota\/wp-json\/wp\/v2\/tags?post=23068"}],"curies":[{"name":"wp","href":"https:\/\/api.w.org\/{rel}","templated":true}]}}