{"id":23065,"date":"2016-04-26T14:10:11","date_gmt":"2016-04-26T19:10:11","guid":{"rendered":"https:\/\/radiowebmx.com\/nota\/?p=23065"},"modified":"2016-04-26T14:10:11","modified_gmt":"2016-04-26T19:10:11","slug":"romper-inercia-de-baja-cobertura-educativa-del-nivel-superior-silvano-aureoles","status":"publish","type":"post","link":"https:\/\/radiowebmx.com\/nota\/romper-inercia-de-baja-cobertura-educativa-del-nivel-superior-silvano-aureoles\/","title":{"rendered":"Romper inercia de baja cobertura educativa del nivel superior: Silvano Aureoles"},"content":{"rendered":"<p><a href=\"https:\/\/radiowebmx.com\/nota\/wp-content\/uploads\/2016\/04\/b8109b67-c2cf-4c2b-a963-27e2e6b44f3a.jpg\"><img loading=\"lazy\" decoding=\"async\" class=\"alignleft size-full wp-image-23066\" src=\"https:\/\/radiowebmx.com\/nota\/wp-content\/uploads\/2016\/04\/b8109b67-c2cf-4c2b-a963-27e2e6b44f3a.jpg\" alt=\"b8109b67-c2cf-4c2b-a963-27e2e6b44f3a\" width=\"591\" height=\"285\" srcset=\"https:\/\/radiowebmx.com\/nota\/wp-content\/uploads\/2016\/04\/b8109b67-c2cf-4c2b-a963-27e2e6b44f3a.jpg 591w, https:\/\/radiowebmx.com\/nota\/wp-content\/uploads\/2016\/04\/b8109b67-c2cf-4c2b-a963-27e2e6b44f3a-300x145.jpg 300w\" sizes=\"auto, (max-width: 591px) 100vw, 591px\" \/><\/a>A romper la inercia de la baja cobertura en educaci\u00f3n superior, convoc\u00f3 el Gobernador Constitucional, Silvano Aureoles Conejo, a los directivos de los organismos educativos descentralizados, para ofrecer m\u00e1s oportunidades a la juventud michoacana; ello durante la entrega de equipo del Programa de Expansi\u00f3n en la Oferta Educativa en Educaci\u00f3n Media Superior y Superior (ProExOEES) Ejercicio 2015, lo cual requiri\u00f3 una inversi\u00f3n de 5 millones 340 mil pesos.<\/p>\n<p>En las instalaciones de la Universidad Tecnol\u00f3gica de Morelia (UTM), el mandatario estatal asegur\u00f3 que en su administraci\u00f3n uno de los principales compromisos es el mejoramiento de las condiciones educativas, con infraestructura, servicios y programas de calidad.<\/p>\n<p>\u201cEstamos preocupados de ver c\u00f3mo podemos mejorar las condiciones de estudio que incluye el tema de la superaci\u00f3n permanente de maestros y maestras y de mejorar las condiciones de infraestructura y de herramientas, para la mejor formaci\u00f3n de ni\u00f1os, ni\u00f1as y j\u00f3venes, para estar a la altura de lo que nos demanda las circunstancias\u201d.<\/p>\n<p>Silvano Aureoles record\u00f3 que es en la secundaria, as\u00ed como en educaci\u00f3n superior donde se presenta el mayor porcentaje de deserci\u00f3n escolar, tema que asever\u00f3, se necesita resolver ampliando la cobertura de educaci\u00f3n.<\/p>\n<p>Por lo anterior, destac\u00f3 que uno de los llamados que ha hecho a los directivos de los organismos educativos descentralizados es \u201cromper esta inercia que traemos de una baja cobertura en educaci\u00f3n superior, para que podamos pronto solucionar que no haya j\u00f3venes michoacanos que se queden sin estudiar\u201d, y se\u00f1al\u00f3 la necesidad de conocer los motivos por lo que este sector de la poblaci\u00f3n deja sus estudios.<\/p>\n<p>Precis\u00f3 que de acuerdo a las estad\u00edsticas de educaci\u00f3n superior, de cada 10 j\u00f3venes que concluyan el bachillerato, s\u00f3lo dos encontrar\u00e1n espacios en una instituci\u00f3n de educaci\u00f3n superior p\u00fablica; sin embargo, dijo que es responsabilidad del Estado ofrecer alternativas de educaci\u00f3n.<\/p>\n<p>En este sentido, Aureoles Conejo expres\u00f3 que uno de los principales retos que se plante\u00f3 en su administraci\u00f3n es que los j\u00f3venes no dejen de estudiar por falta de recursos econ\u00f3micos o por espacios educativos, motivo por el cual celebr\u00f3 el \u00e9xito del Programa Beca Futuro, que en su primera etapa beneficiar\u00e1 a un total de 33 mil 667 j\u00f3venes michoacanos.<\/p>\n<p>Finalmente se comprometi\u00f3 a apoyar a la UTM para mejorar la infraestructura de las instalaciones.<\/p>\n<p>En su oportunidad, el rector de la UTM, Jos\u00e9 Hern\u00e1ndez Arreola, anunci\u00f3 la expansi\u00f3n de la oferta educativa del instituto que dirige, pues la Coordinaci\u00f3n General de Universidades Tecnol\u00f3gicas autoriz\u00f3 la nueva carrera de T\u00e9cnico Superior Universitario Mecatr\u00f3nica, \u00e1rea Automatizaci\u00f3n; as\u00ed como las especialidades de T\u00e9cnico Superior Universitario en Qu\u00edmica, \u00e1rea Industrial y T\u00e9cnico Superior Universitario en Tecnolog\u00edas de la Informaci\u00f3n y Comunicaci\u00f3n, \u00e1rea Redes y Telecomunicaciones.<\/p>\n<p>Asimismo, inform\u00f3 que en marzo del 2015, la UTM concurs\u00f3 para obtener recurso federal a trav\u00e9s del Programa ProExOEES por lo que en junio de ese a\u00f1o le fue autorizado un monto de 5 millones 340 mil pesos.<\/p>\n<p>Dichos recursos, explic\u00f3, fueron distribuidos de la siguiente manera: 1 mill\u00f3n 430 mil para equipar la carrera de Gastronom\u00eda; 1 mill\u00f3n 430 mil para material de laboratorios de Energ\u00edas Renovables y una inversi\u00f3n de 2 millones 484 mil pesos para mejorar las condiciones de 31 aulas, todo ello con la mejor tecnolog\u00eda.<\/p>\n<p>Con el monto anterior, se adquiri\u00f3 equipo especializado, como un sistema de entrenamiento e investigaci\u00f3n en energ\u00edas renovables, herramientas para un laboratorio completo de panader\u00eda. Adem\u00e1s de adquirir material video &#8211; conferencia, pizarrones inteligentes y butacas ergon\u00f3micas.<\/p>\n<p>Asistieron a este evento el subdirector de Control y Seguimiento de Programas Educativos, Alfonso Rescala C\u00e1rdenas, en representaci\u00f3n de la Delegaci\u00f3n de la SEP; la rectora de la Universidad Virtual del Estado de Michoac\u00e1n, Silvia Mendoza Valenzuela; el secretario de Innovaci\u00f3n, Ciencia, y Desarrollo Tecnol\u00f3gico, Jos\u00e9 Luis Monta\u00f1ez Espinoza; el subsecretario estatal de Educaci\u00f3n Media Superior y Superior, Erasmo Cadenas Calder\u00f3n; la directora general del Instituto de la Juventud Michoacana, GiuliannaBugarini Torres y el secretario general del Sindicato \u00danico de Trabajadores de la UTM, Gerardo Bola\u00f1os Jim\u00e9nez.<\/p>\n","protected":false},"excerpt":{"rendered":"<p>A romper la inercia de la baja cobertura en educaci\u00f3n superior, convoc\u00f3 el Gobernador Constitucional, Silvano Aureoles Conejo, a los directivos de los organismos educativos descentralizados,<\/p>\n","protected":false},"author":1,"featured_media":23066,"comment_status":"open","ping_status":"open","sticky":false,"template":"","format":"standard","meta":{"footnotes":""},"categories":[14,3],"tags":[],"class_list":["post-23065","post","type-post","status-publish","format-standard","has-post-thumbnail","hentry","category-destacadas","category-gobierno-del-estado-de-michoacan"],"_links":{"self":[{"href":"https:\/\/radiowebmx.com\/nota\/wp-json\/wp\/v2\/posts\/23065","targetHints":{"allow":["GET"]}}],"collection":[{"href":"https:\/\/radiowebmx.com\/nota\/wp-json\/wp\/v2\/posts"}],"about":[{"href":"https:\/\/radiowebmx.com\/nota\/wp-json\/wp\/v2\/types\/post"}],"author":[{"embeddable":true,"href":"https:\/\/radiowebmx.com\/nota\/wp-json\/wp\/v2\/users\/1"}],"replies":[{"embeddable":true,"href":"https:\/\/radiowebmx.com\/nota\/wp-json\/wp\/v2\/comments?post=23065"}],"version-history":[{"count":1,"href":"https:\/\/radiowebmx.com\/nota\/wp-json\/wp\/v2\/posts\/23065\/revisions"}],"predecessor-version":[{"id":23067,"href":"https:\/\/radiowebmx.com\/nota\/wp-json\/wp\/v2\/posts\/23065\/revisions\/23067"}],"wp:featuredmedia":[{"embeddable":true,"href":"https:\/\/radiowebmx.com\/nota\/wp-json\/wp\/v2\/media\/23066"}],"wp:attachment":[{"href":"https:\/\/radiowebmx.com\/nota\/wp-json\/wp\/v2\/media?parent=23065"}],"wp:term":[{"taxonomy":"category","embeddable":true,"href":"https:\/\/radiowebmx.com\/nota\/wp-json\/wp\/v2\/categories?post=23065"},{"taxonomy":"post_tag","embeddable":true,"href":"https:\/\/radiowebmx.com\/nota\/wp-json\/wp\/v2\/tags?post=23065"}],"curies":[{"name":"wp","href":"https:\/\/api.w.org\/{rel}","templated":true}]}}