{"id":23054,"date":"2016-04-26T13:54:01","date_gmt":"2016-04-26T18:54:01","guid":{"rendered":"https:\/\/radiowebmx.com\/nota\/?p=23054"},"modified":"2016-04-26T13:54:01","modified_gmt":"2016-04-26T18:54:01","slug":"da-a-conocer-victor-silva-primeros-nombramientos-del-cde-del-pri","status":"publish","type":"post","link":"https:\/\/radiowebmx.com\/nota\/da-a-conocer-victor-silva-primeros-nombramientos-del-cde-del-pri\/","title":{"rendered":"DA A CONOCER V\u00cdCTOR SILVA PRIMEROS NOMBRAMIENTOS DEL CDE DEL PRI"},"content":{"rendered":"<p class=\"x_MsoNormal\">Con la finalidad de fortalecer los trabajos del partido, de cara a las pr\u00f3ximas elecciones del 2018, el dirigente estatal del PRI, V\u00edctor Manuel Silva Tejeda, present\u00f3 a los nuevos secretarios que formar\u00e1n parte del Comit\u00e9 Directivo Estatal.<\/p>\n<p class=\"x_MsoNormal\">\u201cDebemos de llegar al 2018 con estrategias fortalecidas, con una estructura bien actualizada, pues iremos a una elecci\u00f3n del ejecutivo federal, elegiremos a alcaldes, regidores, s\u00edndicos, legisladores locales y federales as\u00ed como senadores\u201d destac\u00f3 el presidente del PRI en Michoac\u00e1n.<\/p>\n<p class=\"x_MsoNormal\">Asimismo el legislador federal, inform\u00f3 que en el mes de mayo se lanzar\u00e1n las convocatorias para renovar y fortalecer los Comit\u00e9s Municipales y los Consejos Pol\u00edticos Municipales, \u201cser\u00e1 un proceso de renovaci\u00f3n y actualizaci\u00f3n intenso\u201d a\u00f1adi\u00f3.<\/p>\n<p class=\"x_MsoNormal\">Por su parte el Delegado General del CEN en Michoac\u00e1n, Jos\u00e9 Hugo Cabrera Ru\u00edz, reconoci\u00f3 los pasos seguros y firmes del Presidente del CDE, indic\u00f3 que Silva Tejeda, tienen todo el respaldo y apoyo del dirigente nacional Manlio Fabio Beltrones y de todo el Comit\u00e9 Ejecutivo Nacional.<\/p>\n<p class=\"x_MsoNormal\">El tambi\u00e9n legislador federal, destac\u00f3 que los nuevos nombramientos que se dieron este d\u00eda en el CDE, son nombres de gente valiosa, de pri\u00edstas destacados, son de distintas voces y corrientes de un partido pol\u00edtico \u201ctienen el prop\u00f3sito de trabajar en beneficio del partido y hacer que nuestro instituto pol\u00edtico llegue m\u00e1s fortalecido al pr\u00f3ximo proceso electoral\u201d finaliz\u00f3.<\/p>\n<p class=\"x_MsoNormal\">En este tenor, los nuevos nombramientos son: Antonio Guzm\u00e1n Casta\u00f1eda, Secretar\u00eda de Organizaci\u00f3n; Alejandro Paz Mendoza, Secretar\u00eda de Operaci\u00f3n Pol\u00edtica; Jes\u00fas Remigio Garc\u00eda Maldonado, Secre<a href=\"https:\/\/radiowebmx.com\/nota\/wp-content\/uploads\/2016\/04\/DSC_0079.jpg\"><img loading=\"lazy\" decoding=\"async\" class=\"alignleft size-full wp-image-23055\" src=\"https:\/\/radiowebmx.com\/nota\/wp-content\/uploads\/2016\/04\/DSC_0079.jpg\" alt=\"DSC_0079\" width=\"591\" height=\"264\" srcset=\"https:\/\/radiowebmx.com\/nota\/wp-content\/uploads\/2016\/04\/DSC_0079.jpg 591w, https:\/\/radiowebmx.com\/nota\/wp-content\/uploads\/2016\/04\/DSC_0079-300x134.jpg 300w\" sizes=\"auto, (max-width: 591px) 100vw, 591px\" \/><\/a>tar\u00eda de Acci\u00f3n Electoral; Manuel Montes y Arroyo, Secretar\u00eda de Finanzas; Vanina Villegas Hern\u00e1ndez, Secretaria de Gesti\u00f3n Social; Berenice Ivonne Ju\u00e1rez, Secretar\u00eda Jur\u00eddica y de Transparencia; Alejandro L\u00f3pez, Secretar\u00eda de Deportes, Ignacio Banderas, Secretario General adjunto a la Presidencia y Guadalupe Santacruz, Secretar\u00eda de Comunicaci\u00f3n Institucional.<\/p>\n","protected":false},"excerpt":{"rendered":"<p>Con la finalidad de fortalecer los trabajos del partido, de cara a las pr\u00f3ximas elecciones del 2018, el dirigente estatal del PRI, V\u00edctor Manuel Silva Tejeda, present\u00f3 a los nuevos secretarios que formar\u00e1n parte del Comit\u00e9 Directivo Estatal.<\/p>\n","protected":false},"author":1,"featured_media":23055,"comment_status":"open","ping_status":"open","sticky":false,"template":"","format":"standard","meta":{"footnotes":""},"categories":[14,11,12],"tags":[],"class_list":["post-23054","post","type-post","status-publish","format-standard","has-post-thumbnail","hentry","category-destacadas","category-partidos-politicos","category-pri"],"_links":{"self":[{"href":"https:\/\/radiowebmx.com\/nota\/wp-json\/wp\/v2\/posts\/23054","targetHints":{"allow":["GET"]}}],"collection":[{"href":"https:\/\/radiowebmx.com\/nota\/wp-json\/wp\/v2\/posts"}],"about":[{"href":"https:\/\/radiowebmx.com\/nota\/wp-json\/wp\/v2\/types\/post"}],"author":[{"embeddable":true,"href":"https:\/\/radiowebmx.com\/nota\/wp-json\/wp\/v2\/users\/1"}],"replies":[{"embeddable":true,"href":"https:\/\/radiowebmx.com\/nota\/wp-json\/wp\/v2\/comments?post=23054"}],"version-history":[{"count":1,"href":"https:\/\/radiowebmx.com\/nota\/wp-json\/wp\/v2\/posts\/23054\/revisions"}],"predecessor-version":[{"id":23056,"href":"https:\/\/radiowebmx.com\/nota\/wp-json\/wp\/v2\/posts\/23054\/revisions\/23056"}],"wp:featuredmedia":[{"embeddable":true,"href":"https:\/\/radiowebmx.com\/nota\/wp-json\/wp\/v2\/media\/23055"}],"wp:attachment":[{"href":"https:\/\/radiowebmx.com\/nota\/wp-json\/wp\/v2\/media?parent=23054"}],"wp:term":[{"taxonomy":"category","embeddable":true,"href":"https:\/\/radiowebmx.com\/nota\/wp-json\/wp\/v2\/categories?post=23054"},{"taxonomy":"post_tag","embeddable":true,"href":"https:\/\/radiowebmx.com\/nota\/wp-json\/wp\/v2\/tags?post=23054"}],"curies":[{"name":"wp","href":"https:\/\/api.w.org\/{rel}","templated":true}]}}