{"id":22966,"date":"2016-04-21T13:22:41","date_gmt":"2016-04-21T18:22:41","guid":{"rendered":"https:\/\/radiowebmx.com\/nota\/?p=22966"},"modified":"2016-04-21T13:22:41","modified_gmt":"2016-04-21T18:22:41","slug":"empresarios-aliados-para-detonar-el-turismo-en-morelia-secretaria-thelma-aquique","status":"publish","type":"post","link":"https:\/\/radiowebmx.com\/nota\/empresarios-aliados-para-detonar-el-turismo-en-morelia-secretaria-thelma-aquique\/","title":{"rendered":"Empresarios, aliados para detonar el turismo en Morelia: Secretaria Thelma Aquique"},"content":{"rendered":"<p><a href=\"https:\/\/radiowebmx.com\/nota\/wp-content\/uploads\/2016\/04\/c111c507-4f27-427a-9d8c-4891a1df2f24.jpg\"><img loading=\"lazy\" decoding=\"async\" class=\"alignleft size-full wp-image-22967\" src=\"https:\/\/radiowebmx.com\/nota\/wp-content\/uploads\/2016\/04\/c111c507-4f27-427a-9d8c-4891a1df2f24.jpg\" alt=\"c111c507-4f27-427a-9d8c-4891a1df2f24\" width=\"591\" height=\"309\" srcset=\"https:\/\/radiowebmx.com\/nota\/wp-content\/uploads\/2016\/04\/c111c507-4f27-427a-9d8c-4891a1df2f24.jpg 591w, https:\/\/radiowebmx.com\/nota\/wp-content\/uploads\/2016\/04\/c111c507-4f27-427a-9d8c-4891a1df2f24-300x157.jpg 300w\" sizes=\"auto, (max-width: 591px) 100vw, 591px\" \/><\/a>Gloria Guevara Manzo, especialista en temas tur\u00edsticos, sostuvo un encuentro con l\u00edderes empresariales, representantes de C\u00e1maras y asociaciones dedicadas al turismo, en donde les expuso las oportunidades que ofrece Morelia en materia de turismo y en cuyo marco se acord\u00f3 llevar a cabo un trabajo coordinado entre instancias gubernamentales e industria privada para proyectar a Morelia como uno de los principales destinos tur\u00edsticos, no s\u00f3lo a nivel nacional, sino internacional.<\/p>\n<p>Thelma Aquique Arrieta, secretaria de Turismo de Morelia estuvo presente en este encuentro y de manera personal agradeci\u00f3 la oportunidad de llevar a cabo este acercamiento con el gremio empresarial dedicado al turismo.<\/p>\n<p>Ante empresarios y diversas C\u00e1maras, la funcionaria municipal resalt\u00f3 que Morelia cuenta con un gran potencial para proyectar productos tur\u00edsticos variados en materia gastron\u00f3mica, cultural, hist\u00f3rica y arquitect\u00f3nica.<\/p>\n<p>La encargada de la pol\u00edtica tur\u00edstica local agreg\u00f3 que como resultado de esta sesi\u00f3n se tuvo a bien llevar la tarea a los empresarios de buscar el \u201cADN\u201d de Morelia, es decir, algo muy espec\u00edfico y caracter\u00edstico, para que con el paso de las Administraciones p\u00fablicas se quede en manos de los empresarios y puedan darle continuidad a los proyectos y productos tur\u00edsticos.<\/p>\n<p>Aquique Arrieta agreg\u00f3 que esta estrategia obedece al objetivo que tiene el Presidente Municipal, Alfonso Mart\u00ednez Alc\u00e1zar de atraer visitantes a Morelia, asimismo ofreci\u00f3 que a partir de este acercamiento se trabajar\u00e1 en crear un comit\u00e9 plural conformado por varios sectores dependientes de los mismos empresarios, y que posteriormente con cada cambio de Administraci\u00f3n, este comit\u00e9 le d\u00e9 continuidad a los trabajos en materia de turismo.<\/p>\n","protected":false},"excerpt":{"rendered":"<p>Gloria Guevara Manzo, especialista en temas tur\u00edsticos, sostuvo un encuentro con l\u00edderes empresariales, representantes de C\u00e1maras y asociaciones dedicadas al turismo,<\/p>\n","protected":false},"author":1,"featured_media":22967,"comment_status":"open","ping_status":"open","sticky":false,"template":"","format":"standard","meta":{"footnotes":""},"categories":[14,9],"tags":[],"class_list":["post-22966","post","type-post","status-publish","format-standard","has-post-thumbnail","hentry","category-destacadas","category-morelia"],"_links":{"self":[{"href":"https:\/\/radiowebmx.com\/nota\/wp-json\/wp\/v2\/posts\/22966","targetHints":{"allow":["GET"]}}],"collection":[{"href":"https:\/\/radiowebmx.com\/nota\/wp-json\/wp\/v2\/posts"}],"about":[{"href":"https:\/\/radiowebmx.com\/nota\/wp-json\/wp\/v2\/types\/post"}],"author":[{"embeddable":true,"href":"https:\/\/radiowebmx.com\/nota\/wp-json\/wp\/v2\/users\/1"}],"replies":[{"embeddable":true,"href":"https:\/\/radiowebmx.com\/nota\/wp-json\/wp\/v2\/comments?post=22966"}],"version-history":[{"count":1,"href":"https:\/\/radiowebmx.com\/nota\/wp-json\/wp\/v2\/posts\/22966\/revisions"}],"predecessor-version":[{"id":22968,"href":"https:\/\/radiowebmx.com\/nota\/wp-json\/wp\/v2\/posts\/22966\/revisions\/22968"}],"wp:featuredmedia":[{"embeddable":true,"href":"https:\/\/radiowebmx.com\/nota\/wp-json\/wp\/v2\/media\/22967"}],"wp:attachment":[{"href":"https:\/\/radiowebmx.com\/nota\/wp-json\/wp\/v2\/media?parent=22966"}],"wp:term":[{"taxonomy":"category","embeddable":true,"href":"https:\/\/radiowebmx.com\/nota\/wp-json\/wp\/v2\/categories?post=22966"},{"taxonomy":"post_tag","embeddable":true,"href":"https:\/\/radiowebmx.com\/nota\/wp-json\/wp\/v2\/tags?post=22966"}],"curies":[{"name":"wp","href":"https:\/\/api.w.org\/{rel}","templated":true}]}}