{"id":22933,"date":"2016-04-20T14:36:56","date_gmt":"2016-04-20T19:36:56","guid":{"rendered":"https:\/\/radiowebmx.com\/nota\/?p=22933"},"modified":"2016-04-20T14:36:56","modified_gmt":"2016-04-20T19:36:56","slug":"victor-silva-a-favor-de-la-maxima-transparencia","status":"publish","type":"post","link":"https:\/\/radiowebmx.com\/nota\/victor-silva-a-favor-de-la-maxima-transparencia\/","title":{"rendered":"V\u00edctor Silva, a favor de la m\u00e1xima transparencia"},"content":{"rendered":"<p class=\"x_MsoNormal\"><a href=\"https:\/\/radiowebmx.com\/nota\/wp-content\/uploads\/2016\/04\/54691cb2-80a2-4ff2-b437-54a45dc9364e.jpg\"><img loading=\"lazy\" decoding=\"async\" class=\"alignleft size-full wp-image-22935\" src=\"https:\/\/radiowebmx.com\/nota\/wp-content\/uploads\/2016\/04\/54691cb2-80a2-4ff2-b437-54a45dc9364e.jpg\" alt=\"54691cb2-80a2-4ff2-b437-54a45dc9364e\" width=\"591\" height=\"339\" srcset=\"https:\/\/radiowebmx.com\/nota\/wp-content\/uploads\/2016\/04\/54691cb2-80a2-4ff2-b437-54a45dc9364e.jpg 591w, https:\/\/radiowebmx.com\/nota\/wp-content\/uploads\/2016\/04\/54691cb2-80a2-4ff2-b437-54a45dc9364e-300x172.jpg 300w, https:\/\/radiowebmx.com\/nota\/wp-content\/uploads\/2016\/04\/54691cb2-80a2-4ff2-b437-54a45dc9364e-128x72.jpg 128w\" sizes=\"auto, (max-width: 591px) 100vw, 591px\" \/><\/a>Sindicatos, partidos pol\u00edticos, empresas y personas f\u00edsicas que ejerzan recursos p\u00fablicos o realicen actos de autoridad ser\u00e1n sujetos obligados de la nueva Ley Federal de Transparencia y Acceso a la Informaci\u00f3n P\u00fablica, lo que contribuir\u00e1 a eliminar espacios de opacidad en la vida p\u00fablica del pa\u00eds, anunci\u00f3 el diputado federal V\u00edctor Silva Tejeda.<\/p>\n<p class=\"x_MsoNormal\">El legislador michoacano subray\u00f3 que hoy el Congreso de la Uni\u00f3n consum\u00f3 el proceso legislativo que abrir\u00eda un amplio escrutinio sobre el Estado mexicano bajo el principio de m\u00e1xima publicidad.<\/p>\n<p class=\"x_MsoNormal\">Ejemplific\u00f3 que el gobierno no podr\u00e1 clasificar como reservada aquella informaci\u00f3n relacionada con violaciones graves a los derechos humanos y actos de corrupci\u00f3n. Sin embargo, habr\u00e1n de quedar reservados los datos que pongan en riesgo la vida o la integridad de las personas f\u00edsicas.<\/p>\n<p class=\"x_MsoNormal\">En lo sucesivo, bajo la nueva Ley de Transparencia, los sindicatos deber\u00e1n publicar y mantener actualizada la informaci\u00f3n relativa a contratos y convenios que celebren con la autoridad, los padrones de socios, la relaci\u00f3n detallada de los recursos econ\u00f3micos recibidos y el destino final de los recursos p\u00fablicos que ejerzan.<\/p>\n<p class=\"x_MsoNormal\">Por su parte, los partidos pol\u00edticos deber\u00e1n publicar las listas de los aportadores de recursos a las campa\u00f1as y precampa\u00f1as, as\u00ed como el curr\u00edculo con foto de todos los precandidatos y candidatos. Otras obligaciones partidistas incluyen publicar el padr\u00f3n de afiliados y militantes, y los contratos de arrendamiento, entre otras.<\/p>\n<p class=\"x_MsoNormal\">Silva Tejeda destac\u00f3 que el n\u00famero de sujetos obligados se incrementa de 245 a 850 a nivel federal, con un fuerte reforzamiento de las sanciones frente al incumplimiento.<\/p>\n<p class=\"x_MsoNormal\">\u201cHoy estamos aprobando una legislaci\u00f3n conforme a los m\u00e1s altos est\u00e1ndares de transparencia y rendici\u00f3n de cuentas, compatible con la Constituci\u00f3n y con los tratados internacionales para ofrecer a la ciudadan\u00eda informaci\u00f3n verificable, inteligible, relevante e integral. Con esto garantizamos el derecho de acceso a la informaci\u00f3n p\u00fablica en posesi\u00f3n de cualquier sujeto obligado\u201d.<\/p>\n","protected":false},"excerpt":{"rendered":"<p>Sindicatos, partidos pol\u00edticos, empresas y personas f\u00edsicas que ejerzan recursos p\u00fablicos o realicen actos de autoridad ser\u00e1n sujetos obligados de la nueva Ley Federal de Transparencia y Acceso a la Informaci\u00f3n P\u00fablica, <\/p>\n","protected":false},"author":1,"featured_media":22935,"comment_status":"open","ping_status":"open","sticky":false,"template":"","format":"standard","meta":{"footnotes":""},"categories":[6,14,7],"tags":[],"class_list":["post-22933","post","type-post","status-publish","format-standard","has-post-thumbnail","hentry","category-congreso-del-estado","category-destacadas","category-grupo-parlamentario-del-pri"],"_links":{"self":[{"href":"https:\/\/radiowebmx.com\/nota\/wp-json\/wp\/v2\/posts\/22933","targetHints":{"allow":["GET"]}}],"collection":[{"href":"https:\/\/radiowebmx.com\/nota\/wp-json\/wp\/v2\/posts"}],"about":[{"href":"https:\/\/radiowebmx.com\/nota\/wp-json\/wp\/v2\/types\/post"}],"author":[{"embeddable":true,"href":"https:\/\/radiowebmx.com\/nota\/wp-json\/wp\/v2\/users\/1"}],"replies":[{"embeddable":true,"href":"https:\/\/radiowebmx.com\/nota\/wp-json\/wp\/v2\/comments?post=22933"}],"version-history":[{"count":1,"href":"https:\/\/radiowebmx.com\/nota\/wp-json\/wp\/v2\/posts\/22933\/revisions"}],"predecessor-version":[{"id":22937,"href":"https:\/\/radiowebmx.com\/nota\/wp-json\/wp\/v2\/posts\/22933\/revisions\/22937"}],"wp:featuredmedia":[{"embeddable":true,"href":"https:\/\/radiowebmx.com\/nota\/wp-json\/wp\/v2\/media\/22935"}],"wp:attachment":[{"href":"https:\/\/radiowebmx.com\/nota\/wp-json\/wp\/v2\/media?parent=22933"}],"wp:term":[{"taxonomy":"category","embeddable":true,"href":"https:\/\/radiowebmx.com\/nota\/wp-json\/wp\/v2\/categories?post=22933"},{"taxonomy":"post_tag","embeddable":true,"href":"https:\/\/radiowebmx.com\/nota\/wp-json\/wp\/v2\/tags?post=22933"}],"curies":[{"name":"wp","href":"https:\/\/api.w.org\/{rel}","templated":true}]}}