{"id":22916,"date":"2016-04-20T13:33:03","date_gmt":"2016-04-20T18:33:03","guid":{"rendered":"https:\/\/radiowebmx.com\/nota\/?p=22916"},"modified":"2016-04-20T13:33:03","modified_gmt":"2016-04-20T18:33:03","slug":"alumnos-del-conalep-pueden-realizar-su-servicio-social-en-la-junta-de-asistencia-privada","status":"publish","type":"post","link":"https:\/\/radiowebmx.com\/nota\/alumnos-del-conalep-pueden-realizar-su-servicio-social-en-la-junta-de-asistencia-privada\/","title":{"rendered":"Alumnos del Conalep pueden realizar su servicio social en la Junta de Asistencia Privada"},"content":{"rendered":"<p><a href=\"https:\/\/radiowebmx.com\/nota\/wp-content\/uploads\/2016\/04\/07287eae-2ca5-4163-9f52-bee538e6c39d1.jpg\"><img loading=\"lazy\" decoding=\"async\" class=\"alignleft size-full wp-image-22918\" src=\"https:\/\/radiowebmx.com\/nota\/wp-content\/uploads\/2016\/04\/07287eae-2ca5-4163-9f52-bee538e6c39d1.jpg\" alt=\"07287eae-2ca5-4163-9f52-bee538e6c39d\" width=\"591\" height=\"307\" srcset=\"https:\/\/radiowebmx.com\/nota\/wp-content\/uploads\/2016\/04\/07287eae-2ca5-4163-9f52-bee538e6c39d1.jpg 591w, https:\/\/radiowebmx.com\/nota\/wp-content\/uploads\/2016\/04\/07287eae-2ca5-4163-9f52-bee538e6c39d1-300x156.jpg 300w\" sizes=\"auto, (max-width: 591px) 100vw, 591px\" \/><\/a>La directora del Colegio de Educaci\u00f3n Profesional T\u00e9cnica del Estado de Michoac\u00e1n, Minerva Bautista G\u00f3mez, y la presidenta de la Junta de Asistencia Privada (JAP) del Estado, Roc\u00edo Imelda Velazco Ocegueda, invitaron a los estudiantes de los 13 planteles del subsistema a integrarse a centros dependientes de la JAP con la finalidad de liberar su servicio social o pr\u00e1cticas profesionales.<\/p>\n<p>\u201cFomentamos as\u00ed el colaborar en causas que a todos nos ata\u00f1en y aportar a la sociedad elementos valiosos a trav\u00e9s de nuestros j\u00f3venes, al trabajar con esta poblaci\u00f3n que requiere de apoyo y, como consecuencia, ayudamos a nuestro estado\u201d, manifest\u00f3 Bautista G\u00f3mez en videoconferencia conjunta con la presidenta de la JAP.<\/p>\n<p>Por su parte, Velazco Ocegueda inform\u00f3 que actualmente atienden a 3 mil personas en albergues para adultos mayores, internados para ni\u00f1os y ni\u00f1as, casas hogar, entre otros, en municipios como Uruapan, Morelia, L\u00e1zaro C\u00e1rdenas, Zamora, La Piedad, Tac\u00e1mbaro y Zit\u00e1cuaro.<\/p>\n<p>Los estudiantes\u00a0 Conalep Michoac\u00e1n interesados\u00a0 en liberar su servicio social y pr\u00e1cticas profesionales pueden consultar la ubicaci\u00f3n de los centros en la p\u00e1gina www.jap.michoacan.gob.mx.<\/p>\n","protected":false},"excerpt":{"rendered":"<p>La directora del Colegio de Educaci\u00f3n Profesional T\u00e9cnica del Estado de Michoac\u00e1n, Minerva Bautista G\u00f3mez, y la presidenta de la JAP del Estado, Roc\u00edo Imelda Velazco Ocegueda,<\/p>\n","protected":false},"author":1,"featured_media":22918,"comment_status":"open","ping_status":"open","sticky":false,"template":"","format":"standard","meta":{"footnotes":""},"categories":[14,3],"tags":[],"class_list":["post-22916","post","type-post","status-publish","format-standard","has-post-thumbnail","hentry","category-destacadas","category-gobierno-del-estado-de-michoacan"],"_links":{"self":[{"href":"https:\/\/radiowebmx.com\/nota\/wp-json\/wp\/v2\/posts\/22916","targetHints":{"allow":["GET"]}}],"collection":[{"href":"https:\/\/radiowebmx.com\/nota\/wp-json\/wp\/v2\/posts"}],"about":[{"href":"https:\/\/radiowebmx.com\/nota\/wp-json\/wp\/v2\/types\/post"}],"author":[{"embeddable":true,"href":"https:\/\/radiowebmx.com\/nota\/wp-json\/wp\/v2\/users\/1"}],"replies":[{"embeddable":true,"href":"https:\/\/radiowebmx.com\/nota\/wp-json\/wp\/v2\/comments?post=22916"}],"version-history":[{"count":1,"href":"https:\/\/radiowebmx.com\/nota\/wp-json\/wp\/v2\/posts\/22916\/revisions"}],"predecessor-version":[{"id":22919,"href":"https:\/\/radiowebmx.com\/nota\/wp-json\/wp\/v2\/posts\/22916\/revisions\/22919"}],"wp:featuredmedia":[{"embeddable":true,"href":"https:\/\/radiowebmx.com\/nota\/wp-json\/wp\/v2\/media\/22918"}],"wp:attachment":[{"href":"https:\/\/radiowebmx.com\/nota\/wp-json\/wp\/v2\/media?parent=22916"}],"wp:term":[{"taxonomy":"category","embeddable":true,"href":"https:\/\/radiowebmx.com\/nota\/wp-json\/wp\/v2\/categories?post=22916"},{"taxonomy":"post_tag","embeddable":true,"href":"https:\/\/radiowebmx.com\/nota\/wp-json\/wp\/v2\/tags?post=22916"}],"curies":[{"name":"wp","href":"https:\/\/api.w.org\/{rel}","templated":true}]}}