{"id":2291,"date":"2013-04-17T11:33:04","date_gmt":"2013-04-17T16:33:04","guid":{"rendered":"https:\/\/radiowebmx.com\/nota\/?p=2291"},"modified":"2013-04-17T11:33:04","modified_gmt":"2013-04-17T16:33:04","slug":"capacitan-a-municipes-y-trabajadores-de-los-ayuntamientos-en-materia-de-derechos-humanos","status":"publish","type":"post","link":"https:\/\/radiowebmx.com\/nota\/capacitan-a-municipes-y-trabajadores-de-los-ayuntamientos-en-materia-de-derechos-humanos\/","title":{"rendered":"CAPACITAN A MUN\u00cdCIPES Y TRABAJADORES DE LOS AYUNTAMIENTOS EN MATERIA DE DERECHOS HUMANOS"},"content":{"rendered":"<p>Porque la cultura y promoci\u00f3n de los Derechos Humanos debe comenzar de manera compartida con la sociedad y las autoridades municipales, con este enfoque y la convicci\u00f3n de participar en la evoluci\u00f3n del marco jur\u00eddico, el Centro Estatal de Desarrollo Municipal (Cedemun), organiz\u00f3 el Foro \u201cLos Derechos Humanos en la Administraci\u00f3n P\u00fablica Municipal\u201d, dirigido a ediles y trabajadores de los 113 ayuntamientos michoacanos.<\/p>\n<p>Ante alcaldes, s\u00edndicos y asesores jur\u00eddicos de los gobiernos municipales, el vocal ejecutivo de Cedemun, Jaime Mares Camarena, acompa\u00f1ado por Rub\u00e9n P\u00e9rez Gallardo Ojeda, subsecretario de Enlace Legislativo y Asuntos Registrales de la Secretar\u00eda de Gobierno, exhort\u00f3 a los alcaldes a asumir sus responsabilidades ante la implementaci\u00f3n de la nueva Ley de Amparo y del reciente Sistema de Justicia Penal.<\/p>\n<p>Confi\u00f3 en que los tres niveles de gobierno asumir\u00e1n el compromiso de coadyuvar a la mejor difusi\u00f3n y preservaci\u00f3n de los Derechos Humanos, \u201clogrando que su observancia sea un asunto de la m\u00e1s \u00edntima convicci\u00f3n de cada autoridad\u201d.<\/p>\n<p>Asimismo, celebr\u00f3 que en el Foro se contara con la participaci\u00f3n de destacados juristas que aportaron sus conocimientos para ampliar y perfeccionar la percepci\u00f3n sobre el tema y abordaron desde distintas perspectivas, el modo en que los municipios deber\u00e1n asumir sus responsabilidades de acuerdo a la nueva legislaci\u00f3n.<\/p>\n<p>En este sentido, Jaime Mares anunci\u00f3 que por instrucciones del gobernador Fausto Vallejo Figueroa, la Secretar\u00eda de Gobierno, la Coordinaci\u00f3n de Planeaci\u00f3n y Desarrollo, la Secretar\u00eda de Seguridad P\u00fablica y con la participaci\u00f3n de la Comisi\u00f3n Estatal de Derechos Humanos, conformar\u00e1n un proyecto con recursos del Programa de Obra Convenida, para que los ayuntamientos puedan emprender con apoyo t\u00e9cnico, el mejoramiento de los centros de detenci\u00f3n municipales.<\/p>\n<p>\u201cPara que cuando los ciudadanos est\u00e9n en circunstancias de infracci\u00f3n o de violaci\u00f3n a la ley, puedan permanecer el tiempo constitucional en condiciones dignas mientras se determina su situaci\u00f3n jur\u00eddica\u201d, agreg\u00f3.<\/p>\n<p>A su vez, Rub\u00e9n P\u00e9rez Gallardo Ojeda, subsecretario de Enlace Legislativo y Asuntos Registrales, dijo que la promoci\u00f3n, la divulgaci\u00f3n y el respeto a los Derechos Humanos, representan un medio fundamental para el desarrollo del estado.<\/p>\n<p>Adem\u00e1s de la trascendencia de estos temas, agreg\u00f3, es indispensable para el gobierno, como forma de organizaci\u00f3n pol\u00edtica respetuosa del Estado de Derecho, darle cumplimiento al mandato Constitucional y a los Tratados Internacionales en cuanto al respeto irrestricto a los Derechos Humanos.<\/p>\n<p>Refiri\u00f3 adem\u00e1s la importancia de la formaci\u00f3n de mejores servidores p\u00fablicos en los gobiernos municipales, debido a que el primer contacto del ciudadano con la autoridad p\u00fablica es a trav\u00e9s de los ayuntamientos.<\/p>\n<p>Durante el evento, el magistrado Antonio Ceja Ochoa expuso el tema \u201cLa nueva Ley de Amparo y su observancia por parte de las autoridades municipales\u201d; mientras que Rogelio Omar Ch\u00e1vez Moreno, investigador de la Comisi\u00f3n Nacional de los Derechos Humanos, habl\u00f3 sobre \u201cLas obligaciones de los municipios en materia de Derechos Humanos\u201d; y \u201cEl impacto de los Tratados Internacionales en materia de Derechos Humanos en los municipios\u201d.<\/p>\n<p>En tanto que Mar\u00eda de los \u00c1ngeles Llanderal Zaragoza, titular de la Secretar\u00eda Ejecutiva del Consejo para el Nuevo Sistema de Justicia Penal en Michoac\u00e1n, explic\u00f3 \u201cLa participaci\u00f3n de los municipios en el nuevo Sistema de Justicia Penal\u201d.<\/p>\n<p>Asistieron tambi\u00e9n, Ricardo D\u00edaz Ferreyra, director de la Unidad de Derechos Humanos de la Secretar\u00eda de Gobierno; los diputados locales, Antonio Sosa L\u00f3pez, presidente de la Comisi\u00f3n de Industria, Comercio y Servicios e Integrante de la Comisi\u00f3n de Derechos Humanos; y Miguel Amezcua Manzo, presidente de la Comisi\u00f3n de Desarrollo Social del Congreso del Estado; Eliacim Ca\u00f1ada Rangel, director de Capacitaci\u00f3n del Cedemun; y Lorenzo Corro D\u00edaz, director de Orientaci\u00f3n Legal y Quejas de la Comisi\u00f3n Estatal de Derechos Humanos.<\/p>\n","protected":false},"excerpt":{"rendered":"<p>Porque la cultura y promoci\u00f3n de los Derechos Humanos debe comenzar de manera compartida con la sociedad y las autoridades municipales, con este enfoque y la convicci\u00f3n de participar en la evoluci\u00f3n del marco jur\u00eddico, el Centro Estatal de Desarrollo Municipal (Cedemun), organiz\u00f3 el Foro \u201cLos Derechos Humanos en la Administraci\u00f3n P\u00fablica Municipal\u201d, dirigido a ediles y trabajadores de los 113 ayuntamientos michoacanos.<\/p>\n","protected":false},"author":1,"featured_media":0,"comment_status":"open","ping_status":"open","sticky":false,"template":"","format":"standard","meta":{"footnotes":""},"categories":[3],"tags":[],"class_list":["post-2291","post","type-post","status-publish","format-standard","hentry","category-gobierno-del-estado-de-michoacan"],"_links":{"self":[{"href":"https:\/\/radiowebmx.com\/nota\/wp-json\/wp\/v2\/posts\/2291","targetHints":{"allow":["GET"]}}],"collection":[{"href":"https:\/\/radiowebmx.com\/nota\/wp-json\/wp\/v2\/posts"}],"about":[{"href":"https:\/\/radiowebmx.com\/nota\/wp-json\/wp\/v2\/types\/post"}],"author":[{"embeddable":true,"href":"https:\/\/radiowebmx.com\/nota\/wp-json\/wp\/v2\/users\/1"}],"replies":[{"embeddable":true,"href":"https:\/\/radiowebmx.com\/nota\/wp-json\/wp\/v2\/comments?post=2291"}],"version-history":[{"count":2,"href":"https:\/\/radiowebmx.com\/nota\/wp-json\/wp\/v2\/posts\/2291\/revisions"}],"predecessor-version":[{"id":2293,"href":"https:\/\/radiowebmx.com\/nota\/wp-json\/wp\/v2\/posts\/2291\/revisions\/2293"}],"wp:attachment":[{"href":"https:\/\/radiowebmx.com\/nota\/wp-json\/wp\/v2\/media?parent=2291"}],"wp:term":[{"taxonomy":"category","embeddable":true,"href":"https:\/\/radiowebmx.com\/nota\/wp-json\/wp\/v2\/categories?post=2291"},{"taxonomy":"post_tag","embeddable":true,"href":"https:\/\/radiowebmx.com\/nota\/wp-json\/wp\/v2\/tags?post=2291"}],"curies":[{"name":"wp","href":"https:\/\/api.w.org\/{rel}","templated":true}]}}