{"id":22874,"date":"2016-04-19T11:25:31","date_gmt":"2016-04-19T16:25:31","guid":{"rendered":"https:\/\/radiowebmx.com\/nota\/?p=22874"},"modified":"2016-04-19T11:25:31","modified_gmt":"2016-04-19T16:25:31","slug":"sicdet-y-codemi-por-el-fortalecimiento-de-los-productores-con-innovacion-ciencia-y-tecnologia","status":"publish","type":"post","link":"https:\/\/radiowebmx.com\/nota\/sicdet-y-codemi-por-el-fortalecimiento-de-los-productores-con-innovacion-ciencia-y-tecnologia\/","title":{"rendered":"Sicdet y Codemi, por el fortalecimiento de los productores con innovaci\u00f3n, ciencia y tecnolog\u00eda"},"content":{"rendered":"<p>En la b\u00fasqueda de vincular a los sectores productivos de la entidad con el desarrollo tecnol\u00f3gico, la investigaci\u00f3n cient\u00edfica y la innovaci\u00f3n, en el marco de la inauguraci\u00f3n de la Expo Consume lo que Michoac\u00e1n Produce, la SICDET present\u00f3 ante empresas y productores vinculados a la asociaci\u00f3n civil Comunicaci\u00f3n para el Desarrollo de Michoac\u00e1n (Codemi), que coordina Alma Espinosa, una propuesta de trabajo para potenciar el trabajo de productores y empresarios.<\/p>\n<p>Dicha propuesta considera vincular las capacidades cient\u00edficas y tecnol\u00f3gicas que posee la entidad, como es el caso del Centro de Innovaci\u00f3n y Desarrollo Agroalimentario de Michoac\u00e1n (CIDAM) con las necesidades de productividad y competitividad que tienen las organizaciones, de manera que puedan transferirse conocimientos y tecnolog\u00edas que se traduzcan en innovaciones a nivel de productos, servicios y mercadotecnia.<\/p>\n<p>As\u00ed, se gener\u00f3 el compromiso con Codemi y sus empresas asociadas para realizar un foro de vinculaci\u00f3n el pr\u00f3ximo 22 de abril con m\u00e1s de cien organizaciones, cuyos representantes conocer\u00e1n los servicios de asistencia en investigaci\u00f3n, desarrollo e innovaci\u00f3n por parte de instituciones de educaci\u00f3n superior y centros de investigaci\u00f3n, como el CIDAM.<\/p>\n<p>A su vez, dicho foro permitir\u00e1 a las empresas, productores y artesanos, presentar sus distintas necesidades en materia de innovaci\u00f3n, a partir de las que la Sicdet conformar\u00e1 una estrategia integral de atenci\u00f3n respecto a este sector de unidades productivas familiares, generando soluciones de corto y mediano plazo, fomentado la consolidaci\u00f3n de una masa cr\u00edtica de empresas con capacidad de respuesta frente a las exigencias del mercado, ofertando productos y servicios competitivos, con valor agregado, diversificados y con vocaci\u00f3n innovadora.<\/p>\n<p>El titular de la Secretar\u00eda de Innovaci\u00f3n, Ciencia y Desarrollo Tecnol\u00f3gico (Sicdet), Jos\u00e9 Luis Monta\u00f1ez, realiz\u00f3 un recorrido visitando a la mayor\u00eda de los stands de la Expo, entre los que se encontraron productores de miel, jamaica, dulces regionales, artesan\u00edas, bisuter\u00eda, procesados de aguacate, aceites esenciales, licores y bebidas artesanales, entre otros giros.<\/p>\n<p>El funcionario estatal destac\u00f3 el trabajo que ha realizado Codemi en m\u00e1s de 14 a\u00f1os contribuyendo al desarrollo de Michoac\u00e1n, al promover la participaci\u00f3n y el compromiso social a favor de los sectores productivos.<\/p>\n<p>Asimismo, se comprometi\u00f3 a dar seguimiento y resultados respecto al trabajo que se inicie en las jornadas de vinculaci\u00f3n, en virtud de que la creaci\u00f3n de la Sicdet responde a una de las prioridades del Gobernador Silvano Aureoles Conejo respecto a recuperar la econom\u00eda de la entidad, apoyando a las mipymes, productores y artesanos a trav\u00e9s del conocimiento cient\u00edfico y tecnol\u00f3gico.<\/p>\n","protected":false},"excerpt":{"rendered":"<p>Se vincular\u00e1n las capacidades cient\u00edficas y tecnol\u00f3gicas de la entidad, con las necesidades de productividad y competitividad que tienen las organizaciones.<\/p>\n","protected":false},"author":1,"featured_media":0,"comment_status":"open","ping_status":"open","sticky":false,"template":"","format":"standard","meta":{"footnotes":""},"categories":[3],"tags":[],"class_list":["post-22874","post","type-post","status-publish","format-standard","hentry","category-gobierno-del-estado-de-michoacan"],"_links":{"self":[{"href":"https:\/\/radiowebmx.com\/nota\/wp-json\/wp\/v2\/posts\/22874","targetHints":{"allow":["GET"]}}],"collection":[{"href":"https:\/\/radiowebmx.com\/nota\/wp-json\/wp\/v2\/posts"}],"about":[{"href":"https:\/\/radiowebmx.com\/nota\/wp-json\/wp\/v2\/types\/post"}],"author":[{"embeddable":true,"href":"https:\/\/radiowebmx.com\/nota\/wp-json\/wp\/v2\/users\/1"}],"replies":[{"embeddable":true,"href":"https:\/\/radiowebmx.com\/nota\/wp-json\/wp\/v2\/comments?post=22874"}],"version-history":[{"count":1,"href":"https:\/\/radiowebmx.com\/nota\/wp-json\/wp\/v2\/posts\/22874\/revisions"}],"predecessor-version":[{"id":22875,"href":"https:\/\/radiowebmx.com\/nota\/wp-json\/wp\/v2\/posts\/22874\/revisions\/22875"}],"wp:attachment":[{"href":"https:\/\/radiowebmx.com\/nota\/wp-json\/wp\/v2\/media?parent=22874"}],"wp:term":[{"taxonomy":"category","embeddable":true,"href":"https:\/\/radiowebmx.com\/nota\/wp-json\/wp\/v2\/categories?post=22874"},{"taxonomy":"post_tag","embeddable":true,"href":"https:\/\/radiowebmx.com\/nota\/wp-json\/wp\/v2\/tags?post=22874"}],"curies":[{"name":"wp","href":"https:\/\/api.w.org\/{rel}","templated":true}]}}