{"id":22842,"date":"2016-04-18T12:32:37","date_gmt":"2016-04-18T17:32:37","guid":{"rendered":"https:\/\/radiowebmx.com\/nota\/?p=22842"},"modified":"2016-04-18T12:32:37","modified_gmt":"2016-04-18T17:32:37","slug":"con-transparencia-y-destacada-participacion-concluye-eleccion-de-jefe-de-tenencia-en-santa-maria","status":"publish","type":"post","link":"https:\/\/radiowebmx.com\/nota\/con-transparencia-y-destacada-participacion-concluye-eleccion-de-jefe-de-tenencia-en-santa-maria\/","title":{"rendered":"Con transparencia y destacada participaci\u00f3n, concluye elecci\u00f3n de Jefe de Tenencia en Santa Mar\u00eda"},"content":{"rendered":"<p><a href=\"https:\/\/radiowebmx.com\/nota\/wp-content\/uploads\/2016\/04\/4dae473c-b405-48a9-a907-c081df08d1af.jpg\"><img loading=\"lazy\" decoding=\"async\" class=\"alignleft size-full wp-image-22843\" src=\"https:\/\/radiowebmx.com\/nota\/wp-content\/uploads\/2016\/04\/4dae473c-b405-48a9-a907-c081df08d1af.jpg\" alt=\"4dae473c-b405-48a9-a907-c081df08d1af\" width=\"591\" height=\"291\" srcset=\"https:\/\/radiowebmx.com\/nota\/wp-content\/uploads\/2016\/04\/4dae473c-b405-48a9-a907-c081df08d1af.jpg 591w, https:\/\/radiowebmx.com\/nota\/wp-content\/uploads\/2016\/04\/4dae473c-b405-48a9-a907-c081df08d1af-300x148.jpg 300w\" sizes=\"auto, (max-width: 591px) 100vw, 591px\" \/><\/a>Una jornada transparente, ordenada y apegada a la legalidad, se llev\u00f3 a cabo la ma\u00f1ana y tarde de este domingo en la Tenencia de Santa Mar\u00eda, donde los habitantes acudieron a las 6 casillas para elegir a sus pr\u00f3ximas autoridades.<\/p>\n<p>De manera preliminar el candidato Wilberth Idelfonso Rosas Monge, se posiciona con el 30 por ciento de los votos a su favor, coloc\u00e1ndolo hasta la tarde de este domingo en la primera posici\u00f3n.<\/p>\n<p>As\u00ed lo inform\u00f3 el Secretario del Ayuntamiento, Jes\u00fas Avalos Plata, quien encabeza la Comisi\u00f3n Especial Electoral, el cual subray\u00f3 adem\u00e1s que la elecci\u00f3n cont\u00f3 con un 90 por ciento de participaci\u00f3n de la ciudadan\u00eda, por lo que calific\u00f3 a la misma como un exitoso ejercicio de democracia, con orden y civilidad por parte de los habitantes de Santa Mar\u00eda.<\/p>\n<p>\u201cEstamos muy contentos por la participaci\u00f3n de la ciudadan\u00eda de Santa Mar\u00eda, ya que con esto se ratifica la excelente decisi\u00f3n del Presidente Municipal, Alfonso Mart\u00ednez Alc\u00e1zar de impulsar el regreso del estatus de tenencia, lo cual fue avalado por el Cabildo\u201d.<\/p>\n<p>Agreg\u00f3 que en esta jornada se tuvo una participaci\u00f3n in\u00e9dita de pr\u00e1cticamente del 90 por ciento de participaci\u00f3n, sin que hasta el momento se hayan reportado incidentes de gravedad.<\/p>\n<p>\u00c1valos Plata subray\u00f3 que las cifras dadas son preliminares, toda vez que este lunes sesionar\u00e1 la Comisi\u00f3n Especial Electoral del ayuntamiento, con el fin de citar al candidato ganador para hacer la entrega de constancia y validar de manera oficial su triunfo como jefe de la Tenencia de Santa Mar\u00eda de Guido.<\/p>\n<p>Reiter\u00f3 que el Ayuntamiento de Morelia trabajar\u00e1 de manera institucional con las autoridades que resulten electas, buscando el progreso y bienestar de esta zona de la capital de Michoac\u00e1n.<\/p>\n","protected":false},"excerpt":{"rendered":"<p>Una jornada transparente, ordenada y apegada a la legalidad, se llev\u00f3 a cabo la ma\u00f1ana y tarde de este domingo en la Tenencia de Santa Mar\u00eda, donde los habitantes acudieron a las 6 casillas para elegir a sus pr\u00f3ximas autoridades.<\/p>\n","protected":false},"author":1,"featured_media":22843,"comment_status":"open","ping_status":"open","sticky":false,"template":"","format":"standard","meta":{"footnotes":""},"categories":[14,9],"tags":[],"class_list":["post-22842","post","type-post","status-publish","format-standard","has-post-thumbnail","hentry","category-destacadas","category-morelia"],"_links":{"self":[{"href":"https:\/\/radiowebmx.com\/nota\/wp-json\/wp\/v2\/posts\/22842","targetHints":{"allow":["GET"]}}],"collection":[{"href":"https:\/\/radiowebmx.com\/nota\/wp-json\/wp\/v2\/posts"}],"about":[{"href":"https:\/\/radiowebmx.com\/nota\/wp-json\/wp\/v2\/types\/post"}],"author":[{"embeddable":true,"href":"https:\/\/radiowebmx.com\/nota\/wp-json\/wp\/v2\/users\/1"}],"replies":[{"embeddable":true,"href":"https:\/\/radiowebmx.com\/nota\/wp-json\/wp\/v2\/comments?post=22842"}],"version-history":[{"count":1,"href":"https:\/\/radiowebmx.com\/nota\/wp-json\/wp\/v2\/posts\/22842\/revisions"}],"predecessor-version":[{"id":22844,"href":"https:\/\/radiowebmx.com\/nota\/wp-json\/wp\/v2\/posts\/22842\/revisions\/22844"}],"wp:featuredmedia":[{"embeddable":true,"href":"https:\/\/radiowebmx.com\/nota\/wp-json\/wp\/v2\/media\/22843"}],"wp:attachment":[{"href":"https:\/\/radiowebmx.com\/nota\/wp-json\/wp\/v2\/media?parent=22842"}],"wp:term":[{"taxonomy":"category","embeddable":true,"href":"https:\/\/radiowebmx.com\/nota\/wp-json\/wp\/v2\/categories?post=22842"},{"taxonomy":"post_tag","embeddable":true,"href":"https:\/\/radiowebmx.com\/nota\/wp-json\/wp\/v2\/tags?post=22842"}],"curies":[{"name":"wp","href":"https:\/\/api.w.org\/{rel}","templated":true}]}}