{"id":22839,"date":"2016-04-18T12:26:18","date_gmt":"2016-04-18T17:26:18","guid":{"rendered":"https:\/\/radiowebmx.com\/nota\/?p=22839"},"modified":"2016-04-18T12:26:18","modified_gmt":"2016-04-18T17:26:18","slug":"se-prepara-ayuntamiento-de-morelia-para-albergar-el-proximo-congreso-nacional-de-regidores","status":"publish","type":"post","link":"https:\/\/radiowebmx.com\/nota\/se-prepara-ayuntamiento-de-morelia-para-albergar-el-proximo-congreso-nacional-de-regidores\/","title":{"rendered":"Se prepara Ayuntamiento de Morelia para albergar el pr\u00f3ximo Congreso Nacional de Regidores"},"content":{"rendered":"<p><a href=\"https:\/\/radiowebmx.com\/nota\/wp-content\/uploads\/2016\/04\/ecb37351-e186-47ee-9396-704f4382b5ac.jpg\"><img loading=\"lazy\" decoding=\"async\" class=\"alignleft size-full wp-image-22840\" src=\"https:\/\/radiowebmx.com\/nota\/wp-content\/uploads\/2016\/04\/ecb37351-e186-47ee-9396-704f4382b5ac.jpg\" alt=\"ecb37351-e186-47ee-9396-704f4382b5ac\" width=\"591\" height=\"341\" srcset=\"https:\/\/radiowebmx.com\/nota\/wp-content\/uploads\/2016\/04\/ecb37351-e186-47ee-9396-704f4382b5ac.jpg 591w, https:\/\/radiowebmx.com\/nota\/wp-content\/uploads\/2016\/04\/ecb37351-e186-47ee-9396-704f4382b5ac-300x173.jpg 300w\" sizes=\"auto, (max-width: 591px) 100vw, 591px\" \/><\/a>El ayuntamiento de Morelia que encabeza el Presidente Municipal Alfonso Mart\u00ednez Alc\u00e1zar, se encuentra ya listo para ser sede del 1er Congreso Nacional de Regidores de M\u00e9xico, mismo que se llevar\u00e1 a cabo los d\u00edas 21 y 22 de abril, y que tiene como objetivo destacar la importancia de la figura del regidor hoy en d\u00eda, buscando romper paradigmas sobre el Cabildo mexicano.<\/p>\n<p>En este sentido la regidora, Kathia Elena Ort\u00edz \u00c1vila, dijo que la convocatoria a este evento es nacional y a\u00fan hay un gran n\u00famero de regidores de todo del pa\u00eds de los cuales se espera su confirmaci\u00f3n al mismo.<\/p>\n<p>Subray\u00f3 que el Ayuntamiento de Morelia tiene mucho que aportar en este Congreso, en especial, la enorme responsabilidad que supone formar parte del primer gobierno independiente en la capital Michoacana.<\/p>\n<p>\u201cLa ciudadan\u00eda espera mucho de nosotros y este espacio es una oportunidad para que la gente sepa que al interior del Ayuntamiento estamos trabajando fuertemente en beneficio de los morelianos, ya que fueron ellos los que nos colocaron en este cargo\u201d, se\u00f1al\u00f3 la regidora Ort\u00edz \u00c1vila.<\/p>\n<p>Parte de las acciones que impulsa el Ayuntamiento para generar obras y acciones a favor de la ciudadan\u00eda, es el proyecto Morelia Next, el cual abre las puertas a la participaci\u00f3n para el dise\u00f1o de planes de trabajo a largo plazo.<\/p>\n<p>A trav\u00e9s de foros, sociedad y Gobierno establecieron tareas concretas para construir un municipio de progreso y bienestar, m\u00e1s all\u00e1 de los periodos de las Administraciones.<\/p>\n<p>Kathia Ort\u00edz, subray\u00f3 que en materia de seguridad, el municipio increment\u00f3 la fuerza policiaca de 193 a 420 polic\u00edas, mejorando as\u00ed, la cobertura y patrullajes en zonas en donde la Polic\u00eda no ten\u00eda la capacidad de brindar sus servicios.<\/p>\n<p>\u201cEstas experiencias ser\u00e1n compartidas en el Congreso para que las autoridades de los municipios presentes, nos expongan sus opiniones y podamos perfeccionar el trabajo realizado\u201d, dijo.<\/p>\n<p>Se trata del Primer Congreso Nacional de Regidores y Regidoras, mismo que ha sido organizado en el marco de la reci\u00e9n creada Conferencia Nacional de Regidores de M\u00e9xico (CONAREM), en coordinaci\u00f3n entre la Conferencia Nacional de Municipios de M\u00e9xico (CONAMM) y el Centro Estatal de Desarrollo Municipal (CEDEMUN).<\/p>\n<p>Destaca que nuevamente la capital de Michoac\u00e1n es sede de un evento nacional, lo cual demuestra la confianza que existe en el pa\u00eds para celebrar actividades con gran convocatoria en el municipio.<\/p>\n<p>De esta forma, Morelia se consolida como un espacio importante para albergar actividades con gran convocatoria, abriendo oportunidades para exponer los atractivos tur\u00edsticos, arquitect\u00f3nicos, culturales y hospitalidad de los morelianos.<\/p>\n","protected":false},"excerpt":{"rendered":"<p>El ayuntamiento de Morelia que encabeza el Presidente Municipal Alfonso Mart\u00ednez Alc\u00e1zar, se encuentra ya listo para ser sede del 1er Congreso Nacional de Regidores de M\u00e9xico, mismo que se llevar\u00e1 a cabo los d\u00edas 21 y 22 de abril, <\/p>\n","protected":false},"author":1,"featured_media":22840,"comment_status":"open","ping_status":"open","sticky":false,"template":"","format":"standard","meta":{"footnotes":""},"categories":[14,9],"tags":[],"class_list":["post-22839","post","type-post","status-publish","format-standard","has-post-thumbnail","hentry","category-destacadas","category-morelia"],"_links":{"self":[{"href":"https:\/\/radiowebmx.com\/nota\/wp-json\/wp\/v2\/posts\/22839","targetHints":{"allow":["GET"]}}],"collection":[{"href":"https:\/\/radiowebmx.com\/nota\/wp-json\/wp\/v2\/posts"}],"about":[{"href":"https:\/\/radiowebmx.com\/nota\/wp-json\/wp\/v2\/types\/post"}],"author":[{"embeddable":true,"href":"https:\/\/radiowebmx.com\/nota\/wp-json\/wp\/v2\/users\/1"}],"replies":[{"embeddable":true,"href":"https:\/\/radiowebmx.com\/nota\/wp-json\/wp\/v2\/comments?post=22839"}],"version-history":[{"count":1,"href":"https:\/\/radiowebmx.com\/nota\/wp-json\/wp\/v2\/posts\/22839\/revisions"}],"predecessor-version":[{"id":22841,"href":"https:\/\/radiowebmx.com\/nota\/wp-json\/wp\/v2\/posts\/22839\/revisions\/22841"}],"wp:featuredmedia":[{"embeddable":true,"href":"https:\/\/radiowebmx.com\/nota\/wp-json\/wp\/v2\/media\/22840"}],"wp:attachment":[{"href":"https:\/\/radiowebmx.com\/nota\/wp-json\/wp\/v2\/media?parent=22839"}],"wp:term":[{"taxonomy":"category","embeddable":true,"href":"https:\/\/radiowebmx.com\/nota\/wp-json\/wp\/v2\/categories?post=22839"},{"taxonomy":"post_tag","embeddable":true,"href":"https:\/\/radiowebmx.com\/nota\/wp-json\/wp\/v2\/tags?post=22839"}],"curies":[{"name":"wp","href":"https:\/\/api.w.org\/{rel}","templated":true}]}}