{"id":22824,"date":"2016-04-18T11:43:59","date_gmt":"2016-04-18T16:43:59","guid":{"rendered":"https:\/\/radiowebmx.com\/nota\/?p=22824"},"modified":"2016-04-18T11:43:59","modified_gmt":"2016-04-18T16:43:59","slug":"icatmi-abre-nuevas-instalaciones-en-mugica","status":"publish","type":"post","link":"https:\/\/radiowebmx.com\/nota\/icatmi-abre-nuevas-instalaciones-en-mugica\/","title":{"rendered":"Icatmi abre nuevas instalaciones en M\u00fagica"},"content":{"rendered":"<p><a href=\"https:\/\/radiowebmx.com\/nota\/wp-content\/uploads\/2016\/04\/8ffec159-459d-409f-b4d7-915b1f2109b4.jpg\"><img loading=\"lazy\" decoding=\"async\" class=\"alignleft size-full wp-image-22825\" src=\"https:\/\/radiowebmx.com\/nota\/wp-content\/uploads\/2016\/04\/8ffec159-459d-409f-b4d7-915b1f2109b4.jpg\" alt=\"8ffec159-459d-409f-b4d7-915b1f2109b4\" width=\"591\" height=\"315\" srcset=\"https:\/\/radiowebmx.com\/nota\/wp-content\/uploads\/2016\/04\/8ffec159-459d-409f-b4d7-915b1f2109b4.jpg 591w, https:\/\/radiowebmx.com\/nota\/wp-content\/uploads\/2016\/04\/8ffec159-459d-409f-b4d7-915b1f2109b4-300x160.jpg 300w\" sizes=\"auto, (max-width: 591px) 100vw, 591px\" \/><\/a>Con el objetivo de acercar la capacitaci\u00f3n laboral a la poblaci\u00f3n del municipio de M\u00fagica, Juan Carlos Barrag\u00e1n V\u00e9lez, director general del Instituto de Capacitaci\u00f3n para el Trabajo del Estado de Michoac\u00e1n (Icatmi); el presidente municipal, Salvador Ru\u00edz Ru\u00edz; Patricia Flores Anguiano, directora general de la Comisi\u00f3n para el Desarrollo Sustentable de la Costa Michoacana; y el director de Comercio y Abasto Popular, Francisco Javier Estrada Cervantes, inauguraron el nuevo plantel del Icatmi, que se ubica en la cabecera municipal.<\/p>\n<p>&nbsp;<\/p>\n<p>La meta de atenci\u00f3n anual en este plantel es de 3 mil capacitandos, expres\u00f3 Juan Carlos Barrag\u00e1n, quien resalt\u00f3 que el Gobernador Silvano Aureoles Conejo instruy\u00f3 fortalecer el trabajo en la zona, por lo que adelant\u00f3 que se ampliar\u00e1 la capacitaci\u00f3n para el campo, a trav\u00e9s de cursos de Mec\u00e1nica Agroindustrial y Diesel, mismos que se suman a los de Reposter\u00eda, Gastronom\u00eda, Cocina Tradicional, Huaracher\u00eda, Inform\u00e1tica, Ingl\u00e9s, Belleza, entre otros m\u00e1s que permiten facilitar la generaci\u00f3n de empleos y auto empleos en la regi\u00f3n.<\/p>\n<p>&nbsp;<\/p>\n<p>A su vez, el mun\u00edcipe Salvador Ru\u00edz, destac\u00f3 que el trabajo coordinado con Icatmi ha generado frutos, porque ahora se cuenta con un espacio donde la poblaci\u00f3n puede acceder a capacitaci\u00f3n en aras del fortalecimiento econ\u00f3mico de la localidad.<\/p>\n<p>&nbsp;<\/p>\n<p>En su oportunidad, Patricia Flores, directora general de la Comisi\u00f3n para el Desarrollo Sustentable de la Costa Michoacana, afirm\u00f3 que el Icatmi genera autoempleo y forma mano de obra calificada para el autoempleo; \u201caqu\u00ed se forman t\u00e9cnicos para reparaci\u00f3n de maquinaria agr\u00edcola; el titular Juan Carlos Barrag\u00e1n se ha dedicado a darle el giro de formar personal enfocado en hacer productivo al estado de Michoac\u00e1n y generar trabajo y m\u00e1s trabajo, para as\u00ed, disminuir los indicadores de pobreza y marginaci\u00f3n\u201d.<\/p>\n","protected":false},"excerpt":{"rendered":"<p>Con el objetivo de acercar la capacitaci\u00f3n laboral a la poblaci\u00f3n del municipio de M\u00fagica, Juan Carlos Barrag\u00e1n V\u00e9lez, director general del Icatmi; el presidente municipal, Salvador Ru\u00edz Ru\u00edz;<\/p>\n","protected":false},"author":1,"featured_media":22825,"comment_status":"open","ping_status":"open","sticky":false,"template":"","format":"standard","meta":{"footnotes":""},"categories":[14,3],"tags":[],"class_list":["post-22824","post","type-post","status-publish","format-standard","has-post-thumbnail","hentry","category-destacadas","category-gobierno-del-estado-de-michoacan"],"_links":{"self":[{"href":"https:\/\/radiowebmx.com\/nota\/wp-json\/wp\/v2\/posts\/22824","targetHints":{"allow":["GET"]}}],"collection":[{"href":"https:\/\/radiowebmx.com\/nota\/wp-json\/wp\/v2\/posts"}],"about":[{"href":"https:\/\/radiowebmx.com\/nota\/wp-json\/wp\/v2\/types\/post"}],"author":[{"embeddable":true,"href":"https:\/\/radiowebmx.com\/nota\/wp-json\/wp\/v2\/users\/1"}],"replies":[{"embeddable":true,"href":"https:\/\/radiowebmx.com\/nota\/wp-json\/wp\/v2\/comments?post=22824"}],"version-history":[{"count":1,"href":"https:\/\/radiowebmx.com\/nota\/wp-json\/wp\/v2\/posts\/22824\/revisions"}],"predecessor-version":[{"id":22826,"href":"https:\/\/radiowebmx.com\/nota\/wp-json\/wp\/v2\/posts\/22824\/revisions\/22826"}],"wp:featuredmedia":[{"embeddable":true,"href":"https:\/\/radiowebmx.com\/nota\/wp-json\/wp\/v2\/media\/22825"}],"wp:attachment":[{"href":"https:\/\/radiowebmx.com\/nota\/wp-json\/wp\/v2\/media?parent=22824"}],"wp:term":[{"taxonomy":"category","embeddable":true,"href":"https:\/\/radiowebmx.com\/nota\/wp-json\/wp\/v2\/categories?post=22824"},{"taxonomy":"post_tag","embeddable":true,"href":"https:\/\/radiowebmx.com\/nota\/wp-json\/wp\/v2\/tags?post=22824"}],"curies":[{"name":"wp","href":"https:\/\/api.w.org\/{rel}","templated":true}]}}