{"id":22821,"date":"2016-04-18T11:41:39","date_gmt":"2016-04-18T16:41:39","guid":{"rendered":"https:\/\/radiowebmx.com\/nota\/?p=22821"},"modified":"2016-04-18T11:41:39","modified_gmt":"2016-04-18T16:41:39","slug":"constata-silvano-aureoles-condiciones-de-seguridad-y-tranquilidad-en-cenobio-moreno","status":"publish","type":"post","link":"https:\/\/radiowebmx.com\/nota\/constata-silvano-aureoles-condiciones-de-seguridad-y-tranquilidad-en-cenobio-moreno\/","title":{"rendered":"Constata Silvano Aureoles condiciones de seguridad y tranquilidad en Cenobio Moreno"},"content":{"rendered":"<p><a href=\"https:\/\/radiowebmx.com\/nota\/wp-content\/uploads\/2016\/04\/b1a6d8a2-a545-4afe-86e8-fe60d6926aff.jpg\"><img loading=\"lazy\" decoding=\"async\" class=\"alignleft size-full wp-image-22822\" src=\"https:\/\/radiowebmx.com\/nota\/wp-content\/uploads\/2016\/04\/b1a6d8a2-a545-4afe-86e8-fe60d6926aff.jpg\" alt=\"b1a6d8a2-a545-4afe-86e8-fe60d6926aff\" width=\"591\" height=\"319\" srcset=\"https:\/\/radiowebmx.com\/nota\/wp-content\/uploads\/2016\/04\/b1a6d8a2-a545-4afe-86e8-fe60d6926aff.jpg 591w, https:\/\/radiowebmx.com\/nota\/wp-content\/uploads\/2016\/04\/b1a6d8a2-a545-4afe-86e8-fe60d6926aff-300x162.jpg 300w\" sizes=\"auto, (max-width: 591px) 100vw, 591px\" \/><\/a>En un hecho sin precedente en la historia reciente, este s\u00e1bado el Gobernador Constitucional, Silvano Aureoles Conejo, acudi\u00f3 a la tenencia de Cenobio Moreno, donde constat\u00f3 la tranquilidad y paz de la zona.<\/p>\n<p>En un recorrido por la localidad y en un ambiente cordial, el mandatario estatal tuvo la oportunidad de saludar a los pobladores, escucharlos\u00a0 y dialogar acerca de los trabajos que en materia\u00a0de seguridad, desarrollo social y educaci\u00f3n se realizan para la entidad.<\/p>\n<p>Aureoles Conejo recalc\u00f3 ante ellos, que uno de sus mayores compromisos con las y los michoacanos es regresar la paz y el desarrollo\u00a0a sus habitantes, y enfatiz\u00f3 que se encuentra atento de manera permanente a lo que acontece en el estado, m\u00e1s a\u00fan en esta regi\u00f3n de la Tierra Caliente, donde es de suma importancia reconstruir el tejido social para que la riqueza que se genera en la zona, permita que todas y todos sus habitantes tengan mejores condiciones de vida y progreso.<\/p>\n<p>En el coraz\u00f3n de la Tierra Caliente, Aureoles Conejo supervis\u00f3 tambi\u00e9n los avances que en materia de seguridad se llevan a cabo a trav\u00e9s de la Base de Operaciones Mixtas,\u00a0 y garantiz\u00f3 el seguimiento a las acciones emprendidas.<\/p>\n<p>Asimismo, dijo que en su gesti\u00f3n no habr\u00e1 nada que est\u00e9 por encima la ley, ya que siempre dentro de la normatividad y la institucionalidad, es como se podr\u00e1 avanzar para que Michoac\u00e1n tenga orden y desarrollo.<\/p>\n<p>Acompa\u00f1aron al Gobernador en su visita a Cenobio Moreno, el general Pedro Felipe Gurrola Ram\u00edrez, mando especial para la seguridad del estado; el procurador general de Justicia, Jos\u00e9 Mart\u00edn Godoy Castro; el secretario de Seguridad P\u00fablica, Jos\u00e9 Antonio Bernal Bustamante; as\u00ed como el general Ricardo D\u00edaz Palacios, comandante de la 43 Zona Militar.<\/p>\n","protected":false},"excerpt":{"rendered":"<p>En un hecho sin precedente en la historia reciente, este s\u00e1bado el Gobernador Constitucional, Silvano Aureoles Conejo, acudi\u00f3 a la tenencia de Cenobio Moreno, donde constat\u00f3 la tranquilidad y paz de la zona.<\/p>\n","protected":false},"author":1,"featured_media":22822,"comment_status":"open","ping_status":"open","sticky":false,"template":"","format":"standard","meta":{"footnotes":""},"categories":[14,3],"tags":[],"class_list":["post-22821","post","type-post","status-publish","format-standard","has-post-thumbnail","hentry","category-destacadas","category-gobierno-del-estado-de-michoacan"],"_links":{"self":[{"href":"https:\/\/radiowebmx.com\/nota\/wp-json\/wp\/v2\/posts\/22821","targetHints":{"allow":["GET"]}}],"collection":[{"href":"https:\/\/radiowebmx.com\/nota\/wp-json\/wp\/v2\/posts"}],"about":[{"href":"https:\/\/radiowebmx.com\/nota\/wp-json\/wp\/v2\/types\/post"}],"author":[{"embeddable":true,"href":"https:\/\/radiowebmx.com\/nota\/wp-json\/wp\/v2\/users\/1"}],"replies":[{"embeddable":true,"href":"https:\/\/radiowebmx.com\/nota\/wp-json\/wp\/v2\/comments?post=22821"}],"version-history":[{"count":1,"href":"https:\/\/radiowebmx.com\/nota\/wp-json\/wp\/v2\/posts\/22821\/revisions"}],"predecessor-version":[{"id":22823,"href":"https:\/\/radiowebmx.com\/nota\/wp-json\/wp\/v2\/posts\/22821\/revisions\/22823"}],"wp:featuredmedia":[{"embeddable":true,"href":"https:\/\/radiowebmx.com\/nota\/wp-json\/wp\/v2\/media\/22822"}],"wp:attachment":[{"href":"https:\/\/radiowebmx.com\/nota\/wp-json\/wp\/v2\/media?parent=22821"}],"wp:term":[{"taxonomy":"category","embeddable":true,"href":"https:\/\/radiowebmx.com\/nota\/wp-json\/wp\/v2\/categories?post=22821"},{"taxonomy":"post_tag","embeddable":true,"href":"https:\/\/radiowebmx.com\/nota\/wp-json\/wp\/v2\/tags?post=22821"}],"curies":[{"name":"wp","href":"https:\/\/api.w.org\/{rel}","templated":true}]}}