{"id":22818,"date":"2016-04-18T11:38:44","date_gmt":"2016-04-18T16:38:44","guid":{"rendered":"https:\/\/radiowebmx.com\/nota\/?p=22818"},"modified":"2016-04-18T11:38:44","modified_gmt":"2016-04-18T16:38:44","slug":"cobaem-fortalece-la-formacion-academica-de-sus-docentes","status":"publish","type":"post","link":"https:\/\/radiowebmx.com\/nota\/cobaem-fortalece-la-formacion-academica-de-sus-docentes\/","title":{"rendered":"COBAEM fortalece la formaci\u00f3n acad\u00e9mica de sus docentes"},"content":{"rendered":"<p><a href=\"https:\/\/radiowebmx.com\/nota\/wp-content\/uploads\/2016\/04\/bf3ea6dd-61ee-44ca-a4ee-ab3fe0442b38.jpg\"><img loading=\"lazy\" decoding=\"async\" class=\"alignleft size-full wp-image-22819\" src=\"https:\/\/radiowebmx.com\/nota\/wp-content\/uploads\/2016\/04\/bf3ea6dd-61ee-44ca-a4ee-ab3fe0442b38.jpg\" alt=\"bf3ea6dd-61ee-44ca-a4ee-ab3fe0442b38\" width=\"591\" height=\"311\" srcset=\"https:\/\/radiowebmx.com\/nota\/wp-content\/uploads\/2016\/04\/bf3ea6dd-61ee-44ca-a4ee-ab3fe0442b38.jpg 591w, https:\/\/radiowebmx.com\/nota\/wp-content\/uploads\/2016\/04\/bf3ea6dd-61ee-44ca-a4ee-ab3fe0442b38-300x158.jpg 300w\" sizes=\"auto, (max-width: 591px) 100vw, 591px\" \/><\/a>Docentes del Colegio de Bachilleres del Estado de Michoac\u00e1n (COBAEM) recibieron su certificado en la Especialidad en Psicopedagog\u00eda y Docencia en Educaci\u00f3n Media Superior y Superior por parte de la Universidad Contempor\u00e1nea de las Am\u00e9ricas (UCLA).<\/p>\n<p>Ante directivos de ambas instituciones, el titular del COBAEM, Alejandro Bustos Aguilar, se congratul\u00f3 por este logro; \u201choy es d\u00eda de fiesta, ya que se ha cumplido el convenio que se realiz\u00f3 con la UCLA para que los docentes concluyeran sus estudios\u201d.<\/p>\n<p>De igual forma, mencion\u00f3 que apostar en el personal e invertir en el fortalecimiento de los recursos humanos es parte fundamental del proceso educativo, \u201cpor lo que debe ser importante para todas las instituciones educativas, ya que cuando se invierte en el personal, se obtienen mejores condiciones para los j\u00f3venes que estudian en nuestro subsistema\u201d.<\/p>\n<p>Bustos Aguilar festej\u00f3 este logro y refrend\u00f3 el compromiso de que los trabajadores del COBAEM se capaciten y mejoren sus niveles acad\u00e9micos. \u201cCon esto cumplimos con la educaci\u00f3n, uno de los ejes fundamentales de la administraci\u00f3n del Gobernador Silvano Aureoles Conejo, y en este proceso que estamos inmersos frente a la reforma educativa, hemos salido bien librados y vamos a estarlo, porque se cuenta con capacitaci\u00f3n en nuestro personal\u201d, asever\u00f3.<\/p>\n","protected":false},"excerpt":{"rendered":"<p>Docentes del COBAEM recibieron su certificado en la Especialidad en Psicopedagog\u00eda y Docencia en Educaci\u00f3n Media Superior y Superior por parte de la UCLA.<\/p>\n","protected":false},"author":1,"featured_media":22819,"comment_status":"open","ping_status":"open","sticky":false,"template":"","format":"standard","meta":{"footnotes":""},"categories":[14,9],"tags":[],"class_list":["post-22818","post","type-post","status-publish","format-standard","has-post-thumbnail","hentry","category-destacadas","category-morelia"],"_links":{"self":[{"href":"https:\/\/radiowebmx.com\/nota\/wp-json\/wp\/v2\/posts\/22818","targetHints":{"allow":["GET"]}}],"collection":[{"href":"https:\/\/radiowebmx.com\/nota\/wp-json\/wp\/v2\/posts"}],"about":[{"href":"https:\/\/radiowebmx.com\/nota\/wp-json\/wp\/v2\/types\/post"}],"author":[{"embeddable":true,"href":"https:\/\/radiowebmx.com\/nota\/wp-json\/wp\/v2\/users\/1"}],"replies":[{"embeddable":true,"href":"https:\/\/radiowebmx.com\/nota\/wp-json\/wp\/v2\/comments?post=22818"}],"version-history":[{"count":1,"href":"https:\/\/radiowebmx.com\/nota\/wp-json\/wp\/v2\/posts\/22818\/revisions"}],"predecessor-version":[{"id":22820,"href":"https:\/\/radiowebmx.com\/nota\/wp-json\/wp\/v2\/posts\/22818\/revisions\/22820"}],"wp:featuredmedia":[{"embeddable":true,"href":"https:\/\/radiowebmx.com\/nota\/wp-json\/wp\/v2\/media\/22819"}],"wp:attachment":[{"href":"https:\/\/radiowebmx.com\/nota\/wp-json\/wp\/v2\/media?parent=22818"}],"wp:term":[{"taxonomy":"category","embeddable":true,"href":"https:\/\/radiowebmx.com\/nota\/wp-json\/wp\/v2\/categories?post=22818"},{"taxonomy":"post_tag","embeddable":true,"href":"https:\/\/radiowebmx.com\/nota\/wp-json\/wp\/v2\/tags?post=22818"}],"curies":[{"name":"wp","href":"https:\/\/api.w.org\/{rel}","templated":true}]}}