{"id":22812,"date":"2016-04-15T20:27:53","date_gmt":"2016-04-16T01:27:53","guid":{"rendered":"https:\/\/radiowebmx.com\/nota\/?p=22812"},"modified":"2016-04-15T20:27:53","modified_gmt":"2016-04-16T01:27:53","slug":"firma-de-convenio-de-colaboracion-interinstitucional-con-la-universidad-michoacana-de-san-nicolas-de-hidalgo","status":"publish","type":"post","link":"https:\/\/radiowebmx.com\/nota\/firma-de-convenio-de-colaboracion-interinstitucional-con-la-universidad-michoacana-de-san-nicolas-de-hidalgo\/","title":{"rendered":"Firma de convenio de colaboraci\u00f3n interinstitucional con la Universidad Michoacana de San Nicol\u00e1s de Hidalgo"},"content":{"rendered":"<p><a href=\"https:\/\/radiowebmx.com\/nota\/wp-content\/uploads\/2016\/04\/c975f51f-f982-40b2-a96a-4639350341e6.jpg\"><img loading=\"lazy\" decoding=\"async\" class=\"alignleft size-full wp-image-22813\" src=\"https:\/\/radiowebmx.com\/nota\/wp-content\/uploads\/2016\/04\/c975f51f-f982-40b2-a96a-4639350341e6.jpg\" alt=\"c975f51f-f982-40b2-a96a-4639350341e6\" width=\"591\" height=\"347\" srcset=\"https:\/\/radiowebmx.com\/nota\/wp-content\/uploads\/2016\/04\/c975f51f-f982-40b2-a96a-4639350341e6.jpg 591w, https:\/\/radiowebmx.com\/nota\/wp-content\/uploads\/2016\/04\/c975f51f-f982-40b2-a96a-4639350341e6-300x176.jpg 300w\" sizes=\"auto, (max-width: 591px) 100vw, 591px\" \/><\/a>Buenos d\u00edas, se\u00f1or Rector de la Universidad Michoacana de San Nicol\u00e1s de Hidalgo, gracias por recibirnos, gracias por sus palabras, me siento muy contento, muy honrado de estar en esta gloriosa instituci\u00f3n que es la Universidad Michoacana de San Nicol\u00e1s de Hidalgo, nuestra Universidad, en donde se han escrito y se seguir\u00e1n escribiendo tantas p\u00e1ginas de la historia de M\u00e9xico, tanta historia de nuestra Patria. Yo creo que en buena medida, como lo han expresado muchos, las venas de la Rep\u00fablica pasan por Michoac\u00e1n, pero esas venas tienen un origen y ese es la Casa de Hidalgo, la Universidad Michoacana de San Nicol\u00e1s de Hidalgo.<\/p>\n<p>Muchas gracias por recibirnos, gracias por sus palabras, agradecerle a este nutrido pres\u00eddium que hoy nos acompa\u00f1a, destaco la presencia de los se\u00f1ores presidentes de los Poderes. Se\u00f1or presidente del Supremo Tribunal, magistrado Flores muchas gracias; se\u00f1or presidente del Congreso, diputado Arreola gracias por su presencia, a los integrantes del Grupo de Coordinaci\u00f3n Michoac\u00e1n les agradezco que nos acompa\u00f1en en este acto, a los se\u00f1ores diputados, agradezco la presencia de tres, presidenta y presidentes de comisi\u00f3n del Congreso; la diputada X\u00f3chitl, presidenta de la Comisi\u00f3n de Educaci\u00f3n; diputado Juan Bernardo Corona, presidente de la Comisi\u00f3n de Justicia y el diputado Wilfrido L\u00e1zaro, presidente de la Comisi\u00f3n de Seguridad P\u00fablica y Protecci\u00f3n Civil del Honorable Congreso del Estado.<\/p>\n<p>A representantes de organizaciones sociales hoy aqu\u00ed presentes, a distinguidas y distinguidos acad\u00e9micos, investigadores, maestras, maestros, estudiantes de la Universidad y de otras instituciones que hoy nos acompa\u00f1an aqu\u00ed. Destaco tambi\u00e9n la presencia por lo que significa para Michoac\u00e1n la presencia del se\u00f1or general Francisco Morales Cazares, comandante de la 21 Zona Militar con sede en Morelia y a nuestras amigas y amigos de los medios de comunicaci\u00f3n, muchas gracias.<\/p>\n<p>La verdad es que faltar\u00eda poco por decir, una vez que tanto el se\u00f1or Rector como el Secretario de Gobierno han ilustrado las razones que nos convocan hoy aqu\u00ed, pero no est\u00e1 de m\u00e1s compartirles algunas reflexiones ante tan distinguido auditorio, este extraordinario auditorio de michoacanas y michoacanos y agradezco tambi\u00e9n la presencia de mis compa\u00f1eras y compa\u00f1eros titulares de otras \u00e1reas del Gobierno, la presencia aqu\u00ed de la ex rectora, titular de Educaci\u00f3n, la doctora Figueroa muchas gracias secretaria, as\u00ed como varios compa\u00f1eros del gabinete del Gobierno Estatal y Federal.<\/p>\n<p>El tema que hoy nos junta tiene la mayor relevancia para Michoac\u00e1n, distinguidas y distinguidos amigos, que podamos aprovechar nuestras fortalezas para enfrentar los retos del presente y del futuro. Y una de esas grandes fortalezas es nuestra Universidad, por toda la carga hist\u00f3rica, por todo lo que representa la Universidad, pero tambi\u00e9n por lo que tiene de capacidad y reconocimiento en el terreno acad\u00e9mico y por ello, saludo tambi\u00e9n con mucho gusto al l\u00edder de los maestros de la Universidad, Gaudencio muchas gracias por estar presente.<\/p>\n<p>Es mucha la capacidad que tiene la Universidad, esa capacidad como una instituci\u00f3n prestigiada, reconocida, en todas sus \u00e1reas del conocimiento y del saber y esa riqueza radica en sus maestras, en sus maestros, en la comunidad universitaria, por eso, destaco y pongo en alto esta apertura y voluntad para que podamos sumar esfuerzos la Universidad y el Gobierno del Estado para atender uno de los temas centrales de nuestro estado, de nuestra sociedad. Por su conducto se\u00f1or Rector agradecerles a las distintas facultades, al Consejo Universitario y a toda la comunidad universitaria por esta apertura y disposici\u00f3n para entrarle a un tema que es responsabilidad de todas y de todos.<\/p>\n<p>La seguridad p\u00fablica estimadas amigas y amigos, es una responsabilidad y obligaci\u00f3n de los gobiernos, y esa tarea necesitamos hacerla con toda vigencia y con todos los recursos al alcance, porque si no tenemos seguridad en nuestro estado, si no hay orden, si no hay paz, si no hay armon\u00eda, no tenemos condiciones para generar el desarrollo y el bienestar que demandan las michoacanas y los michoacanos.<\/p>\n<p>Pero alcanzar esa seguridad requiere la atenci\u00f3n de distintos frentes, atender muchas variables, porque la inseguridad es una consecuencia y es un fen\u00f3meno multifactorial, no hay una raz\u00f3n que la genere, alguien podr\u00e1 decir o se ha dicho a veces con insistencia que la inseguridad est\u00e1 asociada con la pobreza y la marginaci\u00f3n, puede ser este un factor tambi\u00e9n que influye, pero no es cierto que una sociedad sea violenta porque es marginada o tiene dificultades de acceso a condiciones de bienestar, sino que se conjugan factores diversos que nos llevan a\u00a0 niveles que no requiere o que no debemos de aceptar como la forma de vida y la forma de ser y de estar.<\/p>\n<p>Por eso la decisi\u00f3n que compart\u00ed con ustedes desde el primero de octubre pasado, fue hacerle frente fundamentalmente a tres grandes retos: resolver nuestro desastre financiero, atender nuestra problem\u00e1tica estructural en materia educativa &#8211; hac\u00eda referencia el se\u00f1or Rector-, y garantizar la seguridad p\u00fablica, pero tambi\u00e9n la seguridad jur\u00eddica y el restablecimiento pleno del Estado de Derecho para las michoacanas y para los michoacanos.<\/p>\n<p>Eso requiere muchas acciones para prevenir, pero tambi\u00e9n para combatir y erradicar actos de delincuencia y cr\u00edmenes, la impunidad cualquiera que esta sea el origen o sus circunstancias, para ello, necesitamos entonces instituciones de procuraci\u00f3n de justicia y de seguridad p\u00fablica que tengan la fortaleza necesaria y suficiente para hacerle frente a esos retos.<\/p>\n<p>Si no tenemos fortaleza institucional, dif\u00edcilmente podemos atender las demandas de nuestra sociedad de m\u00e1s y mejor seguridad, de seguridad duradera, por esa raz\u00f3n o eso incluye tambi\u00e9n la necesidad de una profesionalizaci\u00f3n permanente de nuestros agentes, de nuestros cuerpos de seguridad para que puedan cumplir cabalmente con esa misi\u00f3n.<\/p>\n","protected":false},"excerpt":{"rendered":"<p>Buenos d\u00edas, se\u00f1or Rector de la Universidad Michoacana de San Nicol\u00e1s de Hidalgo, gracias por recibirnos, gracias por sus palabras, me siento muy contento, muy honrado de estar en esta gloriosa instituci\u00f3n que es la Universidad Michoacana de San Nicol\u00e1s de Hidalgo,<\/p>\n","protected":false},"author":1,"featured_media":22813,"comment_status":"open","ping_status":"open","sticky":false,"template":"","format":"standard","meta":{"footnotes":""},"categories":[14,3],"tags":[],"class_list":["post-22812","post","type-post","status-publish","format-standard","has-post-thumbnail","hentry","category-destacadas","category-gobierno-del-estado-de-michoacan"],"_links":{"self":[{"href":"https:\/\/radiowebmx.com\/nota\/wp-json\/wp\/v2\/posts\/22812","targetHints":{"allow":["GET"]}}],"collection":[{"href":"https:\/\/radiowebmx.com\/nota\/wp-json\/wp\/v2\/posts"}],"about":[{"href":"https:\/\/radiowebmx.com\/nota\/wp-json\/wp\/v2\/types\/post"}],"author":[{"embeddable":true,"href":"https:\/\/radiowebmx.com\/nota\/wp-json\/wp\/v2\/users\/1"}],"replies":[{"embeddable":true,"href":"https:\/\/radiowebmx.com\/nota\/wp-json\/wp\/v2\/comments?post=22812"}],"version-history":[{"count":1,"href":"https:\/\/radiowebmx.com\/nota\/wp-json\/wp\/v2\/posts\/22812\/revisions"}],"predecessor-version":[{"id":22814,"href":"https:\/\/radiowebmx.com\/nota\/wp-json\/wp\/v2\/posts\/22812\/revisions\/22814"}],"wp:featuredmedia":[{"embeddable":true,"href":"https:\/\/radiowebmx.com\/nota\/wp-json\/wp\/v2\/media\/22813"}],"wp:attachment":[{"href":"https:\/\/radiowebmx.com\/nota\/wp-json\/wp\/v2\/media?parent=22812"}],"wp:term":[{"taxonomy":"category","embeddable":true,"href":"https:\/\/radiowebmx.com\/nota\/wp-json\/wp\/v2\/categories?post=22812"},{"taxonomy":"post_tag","embeddable":true,"href":"https:\/\/radiowebmx.com\/nota\/wp-json\/wp\/v2\/tags?post=22812"}],"curies":[{"name":"wp","href":"https:\/\/api.w.org\/{rel}","templated":true}]}}