{"id":22809,"date":"2016-04-15T20:25:55","date_gmt":"2016-04-16T01:25:55","guid":{"rendered":"https:\/\/radiowebmx.com\/nota\/?p=22809"},"modified":"2016-04-15T20:25:55","modified_gmt":"2016-04-16T01:25:55","slug":"inicia-en-zitacuaro-la-primera-feria-artesanal-ceresos-2016","status":"publish","type":"post","link":"https:\/\/radiowebmx.com\/nota\/inicia-en-zitacuaro-la-primera-feria-artesanal-ceresos-2016\/","title":{"rendered":"Inicia en Zit\u00e1cuaro la primera Feria Artesanal CERESOS 2016"},"content":{"rendered":"<p><a href=\"https:\/\/radiowebmx.com\/nota\/wp-content\/uploads\/2016\/04\/11383af3-1082-4ac1-90d0-328d9d2f1436.jpg\"><img loading=\"lazy\" decoding=\"async\" class=\"alignleft size-full wp-image-22810\" src=\"https:\/\/radiowebmx.com\/nota\/wp-content\/uploads\/2016\/04\/11383af3-1082-4ac1-90d0-328d9d2f1436.jpg\" alt=\"11383af3-1082-4ac1-90d0-328d9d2f1436\" width=\"591\" height=\"274\" srcset=\"https:\/\/radiowebmx.com\/nota\/wp-content\/uploads\/2016\/04\/11383af3-1082-4ac1-90d0-328d9d2f1436.jpg 591w, https:\/\/radiowebmx.com\/nota\/wp-content\/uploads\/2016\/04\/11383af3-1082-4ac1-90d0-328d9d2f1436-300x139.jpg 300w\" sizes=\"auto, (max-width: 591px) 100vw, 591px\" \/><\/a>Con la exposici\u00f3n de m\u00e1s de 5 mil productos elaborados a mano por internos de los CERESOS, Centros Preventivos,\u00a0 Centro de Alta Seguridad para Delito de Alto Impacto No. 1 y Centro de Integraci\u00f3n para Adolescentes, arranc\u00f3 este viernes en Zit\u00e1cuaro la primera edici\u00f3n de la Feria Artesanal CERESOS 2016.<\/p>\n<p>Por primera vez en la historia de Michoac\u00e1n se lleva a cabo esta feria, donde se ofrecen diversas artesan\u00edas elaboradas por los internos, con t\u00e9cnicas de talabarter\u00eda, tejido, papiroflexia, tallado en madera, pintura al \u00f3leo, pirograbado, carpinter\u00eda, entre otros, y que podr\u00eda realizarse de manera itinerante en todas las regiones del estado.<\/p>\n<p>Con la representaci\u00f3n del Gobernador del Estado, Silvano Aureoles Conejo, el secretario de Seguridad P\u00fablica, Jos\u00e9 Antonio Bernal Bustamante, inaugur\u00f3 en la plaza Benito Ju\u00e1rez esta feria organizada por el subsecretario de Reinserci\u00f3n Social, Jorge Alejandro Montiel Villase\u00f1or, misma que cont\u00f3 con la atenci\u00f3n personalizada en cada uno de los stands de los directores de los 11 CERESOS y cinco Centros Preventivos de la entidad.<\/p>\n<p>A partir de este viernes 15 y hasta el domingo 17 de abril los michoacanos pueden adquirir desde una pulsera hasta una montura para caballo, adem\u00e1s de salas, mesas de centro, fruteros, sombreros, atrapa sue\u00f1os, bolsas, cuadros, zapatos, l\u00e1mparas, ba\u00fales, entre otros productos con terminado en marmolina, pirograbado, repujado, bordados, bisuter\u00eda, etc\u00e9tera, todos ofertados hasta en un 50 por ciento menos de su valor real.<\/p>\n<p>&#8220;Con esta exposici\u00f3n se le da una oportunidad m\u00e1s a todos los internos. Hay que ver la parte humana de las personas, porque est\u00e1n realizando actividades para poder volver a reintegrarse y en base a las actividades que desempe\u00f1en, se les puede otorgar alg\u00fan beneficio. Con este tipo de acciones se da certeza a las personas internas para que en el momento en que salgan, retomen su vida cotidiana\u201d, expres\u00f3 el titular de la Secretar\u00eda de Seguridad P\u00fablica durante el evento inaugural.<\/p>\n<p>Cabe destacar que los recursos que se recauden de la venta de estos productos ser\u00e1n entregados de manera \u00edntegra a los internos que los elaboraron, para el beneficio de su econom\u00eda familiar.<\/p>\n","protected":false},"excerpt":{"rendered":"<p>Con la exposici\u00f3n de m\u00e1s de 5 mil productos elaborados a mano por internos de los CERESOS, Centros Preventivos,  Centro de Alta Seguridad para Delito de Alto Impacto No. 1 y Centro de Integraci\u00f3n para Adolescentes, <\/p>\n","protected":false},"author":1,"featured_media":22810,"comment_status":"open","ping_status":"open","sticky":false,"template":"","format":"standard","meta":{"footnotes":""},"categories":[14,3],"tags":[],"class_list":["post-22809","post","type-post","status-publish","format-standard","has-post-thumbnail","hentry","category-destacadas","category-gobierno-del-estado-de-michoacan"],"_links":{"self":[{"href":"https:\/\/radiowebmx.com\/nota\/wp-json\/wp\/v2\/posts\/22809","targetHints":{"allow":["GET"]}}],"collection":[{"href":"https:\/\/radiowebmx.com\/nota\/wp-json\/wp\/v2\/posts"}],"about":[{"href":"https:\/\/radiowebmx.com\/nota\/wp-json\/wp\/v2\/types\/post"}],"author":[{"embeddable":true,"href":"https:\/\/radiowebmx.com\/nota\/wp-json\/wp\/v2\/users\/1"}],"replies":[{"embeddable":true,"href":"https:\/\/radiowebmx.com\/nota\/wp-json\/wp\/v2\/comments?post=22809"}],"version-history":[{"count":1,"href":"https:\/\/radiowebmx.com\/nota\/wp-json\/wp\/v2\/posts\/22809\/revisions"}],"predecessor-version":[{"id":22811,"href":"https:\/\/radiowebmx.com\/nota\/wp-json\/wp\/v2\/posts\/22809\/revisions\/22811"}],"wp:featuredmedia":[{"embeddable":true,"href":"https:\/\/radiowebmx.com\/nota\/wp-json\/wp\/v2\/media\/22810"}],"wp:attachment":[{"href":"https:\/\/radiowebmx.com\/nota\/wp-json\/wp\/v2\/media?parent=22809"}],"wp:term":[{"taxonomy":"category","embeddable":true,"href":"https:\/\/radiowebmx.com\/nota\/wp-json\/wp\/v2\/categories?post=22809"},{"taxonomy":"post_tag","embeddable":true,"href":"https:\/\/radiowebmx.com\/nota\/wp-json\/wp\/v2\/tags?post=22809"}],"curies":[{"name":"wp","href":"https:\/\/api.w.org\/{rel}","templated":true}]}}