{"id":22750,"date":"2016-04-14T11:36:30","date_gmt":"2016-04-14T16:36:30","guid":{"rendered":"https:\/\/radiowebmx.com\/nota\/?p=22750"},"modified":"2016-04-14T11:36:30","modified_gmt":"2016-04-14T16:36:30","slug":"gobierno-municipal-doble-medalla-de-oro-en-implementacion-de-programa-nado-x-mi-corazon","status":"publish","type":"post","link":"https:\/\/radiowebmx.com\/nota\/gobierno-municipal-doble-medalla-de-oro-en-implementacion-de-programa-nado-x-mi-corazon\/","title":{"rendered":"Gobierno Municipal, doble Medalla de Oro en implementaci\u00f3n de programa \u201cNado x mi coraz\u00f3n\u201d"},"content":{"rendered":"<p><a href=\"https:\/\/radiowebmx.com\/nota\/wp-content\/uploads\/2016\/04\/3437b6db-98e3-444b-ba66-a53ea4890d0b.jpg\"><img loading=\"lazy\" decoding=\"async\" class=\"alignleft size-full wp-image-22751\" src=\"https:\/\/radiowebmx.com\/nota\/wp-content\/uploads\/2016\/04\/3437b6db-98e3-444b-ba66-a53ea4890d0b.jpg\" alt=\"3437b6db-98e3-444b-ba66-a53ea4890d0b\" width=\"591\" height=\"304\" srcset=\"https:\/\/radiowebmx.com\/nota\/wp-content\/uploads\/2016\/04\/3437b6db-98e3-444b-ba66-a53ea4890d0b.jpg 591w, https:\/\/radiowebmx.com\/nota\/wp-content\/uploads\/2016\/04\/3437b6db-98e3-444b-ba66-a53ea4890d0b-300x154.jpg 300w\" sizes=\"auto, (max-width: 591px) 100vw, 591px\" \/><\/a>El Ayuntamiento de Morelia fue condecorado con doble medalla de oro por parte de la Fundaci\u00f3n Kardias, en un acto celebrado este mi\u00e9rcoles en la Ciudad de M\u00e9xico, como resultado de la exitosa implementaci\u00f3n del programa de \u00edndole federal \u201cNado x mi coraz\u00f3n\u201d, al rebasar, tanto en el Complejo Acu\u00e1tico \u201cMedallistas Paral\u00edmpicos\u201d de la unidad deportiva Morelos-Indeco, como en la piscina de Bicentenario, la cantidad de 2 mil revisiones m\u00e9dicas.<\/p>\n<p>El Ayuntamiento presidido por el Alcalde, Alfonso Mart\u00ednez Alc\u00e1zar, a trav\u00e9s del Instituto Municipal de Cultura F\u00edsica y Deporte (IMDE) y su director general, Gustavo Ju\u00e1rez Bedolla, aplic\u00f3 el programa de la Comisi\u00f3n Nacional de Cultura F\u00edsica y Deporte (CONADE), del 8 al 14 de febrero de este a\u00f1o, a los miles de usuarios de sus recintos acu\u00e1ticos.<\/p>\n<p>\u201cNado x mi coraz\u00f3n\u201d se cre\u00f3 con la intenci\u00f3n de generar consciencia acerca de la importancia que tiene la nataci\u00f3n en el cuidado del coraz\u00f3n, al ser una de las principales herramientas para mantener un nivel de salud adecuado del sistema cardiovascular.<\/p>\n<p>En el anuncio de los resultados y la entrega de reconocimientos se dieron cita autoridades como: Roberto Garnica, en representaci\u00f3n del titular de CONADE, Alfredo Castillo Cervantes; Horacio de la Vega, director del Instituto del Deporte de la Ciudad de M\u00e9xico; el director general del IMDE, Gustavo Ju\u00e1rez Bedolla, quien acudi\u00f3 en representaci\u00f3n del presidente municipal de Morelia, Alfonso Mart\u00ednez Alc\u00e1zar; adem\u00e1s de Marlene Huerta, directora de comunicaci\u00f3n de la Fundaci\u00f3n Kardias, por mencionar algunas.<\/p>\n<p>Morelia particip\u00f3 con las 3 albercas administradas por el municipio, de las cuales, el Complejo Acu\u00e1tico \u201cMedallistas Paral\u00edmpicos\u201d, con 2 mil 233 participantes y Bicentenario con 2 mil 061, fueron acreedoras a la medalla de oro, con lo cual la ciudad de la cantera rosa se hizo merecedora de un reconocimiento por parte de los organizadores.<\/p>\n<p>\u201cEste reconocimiento que hoy nos entregan coloca a Morelia como primer lugar a nivel nacional en la implementaci\u00f3n de esta actividad, lo que es resultado de la instrucci\u00f3n de nuestro presidente municipal, Alfonso Mart\u00ednez Alc\u00e1zar, de aplicar todos los programas federales que beneficien a la ciudadan\u00eda. Con la pr\u00f3xima apertura del Complejo Acu\u00e1tico Morelos-Indeco estamos seguros de que mejoraremos a\u00fan m\u00e1s nuestros resultados\u201d, asegur\u00f3 el director general del IMDE, Gustavo Ju\u00e1rez Bedolla.<\/p>\n<p>Los recintos que alcanzaron la cantidad de 2 mil personas fueron galardonadas con el oro, plata en el caso de reunir de mil a mil 999 y el bronce fue para las que tuvieron un rango de 500 a 999 usuarios.<\/p>\n<p>La Fundaci\u00f3n Kardias, plante\u00f3 como meta realizar una medici\u00f3n del sistema cardiovascular a 40 mil personas en todo el pa\u00eds, la cual fue superada, al contabilizar un total de 48 mil 799 chequeos, en las 157 albercas que participaron en esta iniciativa, por lo que la Fundaci\u00f3n Kaluz donar\u00e1 la cantidad de 700 mil pesos, para el tratamiento de 5 ni\u00f1os con complicaciones en el coraz\u00f3n.<\/p>\n<p>\u201cEstamos felices porque gracias al esfuerzo y participaci\u00f3n de todos los mexicanos, 5 ni\u00f1os de escasos recursos que padecen alguna afectaci\u00f3n cardiaca podr\u00e1n ser atendidos para que lleven una vida completamente normal\u201d, afirm\u00f3 Marlene Huerta, directora de Comunicaci\u00f3n de la Fundaci\u00f3n Kardias.<\/p>\n<p>La revisi\u00f3n de este programa consisti\u00f3 en la medici\u00f3n de la circunferencia abdominal y la frecuencia cardiaca previo a sostener alguna actividad, por parte del \u00e1rea de Servicio M\u00e9dico del Instituto, para posteriormente nadar 1 kil\u00f3metro, en una sesi\u00f3n normal de clases.<\/p>\n","protected":false},"excerpt":{"rendered":"<p>El Ayuntamiento de Morelia fue condecorado con doble medalla de oro por parte de la Fundaci\u00f3n Kardias, en un acto celebrado este mi\u00e9rcoles en la Ciudad de M\u00e9xico, como resultado de la exitosa implementaci\u00f3n del programa de \u00edndole federal \u201cNado x mi coraz\u00f3n\u201d,<\/p>\n","protected":false},"author":1,"featured_media":22751,"comment_status":"open","ping_status":"open","sticky":false,"template":"","format":"standard","meta":{"footnotes":""},"categories":[14,9],"tags":[],"class_list":["post-22750","post","type-post","status-publish","format-standard","has-post-thumbnail","hentry","category-destacadas","category-morelia"],"_links":{"self":[{"href":"https:\/\/radiowebmx.com\/nota\/wp-json\/wp\/v2\/posts\/22750","targetHints":{"allow":["GET"]}}],"collection":[{"href":"https:\/\/radiowebmx.com\/nota\/wp-json\/wp\/v2\/posts"}],"about":[{"href":"https:\/\/radiowebmx.com\/nota\/wp-json\/wp\/v2\/types\/post"}],"author":[{"embeddable":true,"href":"https:\/\/radiowebmx.com\/nota\/wp-json\/wp\/v2\/users\/1"}],"replies":[{"embeddable":true,"href":"https:\/\/radiowebmx.com\/nota\/wp-json\/wp\/v2\/comments?post=22750"}],"version-history":[{"count":1,"href":"https:\/\/radiowebmx.com\/nota\/wp-json\/wp\/v2\/posts\/22750\/revisions"}],"predecessor-version":[{"id":22752,"href":"https:\/\/radiowebmx.com\/nota\/wp-json\/wp\/v2\/posts\/22750\/revisions\/22752"}],"wp:featuredmedia":[{"embeddable":true,"href":"https:\/\/radiowebmx.com\/nota\/wp-json\/wp\/v2\/media\/22751"}],"wp:attachment":[{"href":"https:\/\/radiowebmx.com\/nota\/wp-json\/wp\/v2\/media?parent=22750"}],"wp:term":[{"taxonomy":"category","embeddable":true,"href":"https:\/\/radiowebmx.com\/nota\/wp-json\/wp\/v2\/categories?post=22750"},{"taxonomy":"post_tag","embeddable":true,"href":"https:\/\/radiowebmx.com\/nota\/wp-json\/wp\/v2\/tags?post=22750"}],"curies":[{"name":"wp","href":"https:\/\/api.w.org\/{rel}","templated":true}]}}