{"id":22734,"date":"2016-04-13T14:00:50","date_gmt":"2016-04-13T19:00:50","guid":{"rendered":"https:\/\/radiowebmx.com\/nota\/?p=22734"},"modified":"2016-04-13T14:00:50","modified_gmt":"2016-04-13T19:00:50","slug":"centro-estatal-de-prevencion-del-delito-y-participacion-ciudadana-se-formaliza-con-la-ur","status":"publish","type":"post","link":"https:\/\/radiowebmx.com\/nota\/centro-estatal-de-prevencion-del-delito-y-participacion-ciudadana-se-formaliza-con-la-ur\/","title":{"rendered":"CENTRO ESTATAL DE PREVENCI\u00d3N DEL DELITO Y PARTICIPACI\u00d3N CIUDADANA SE FORMALIZA CON LA UR."},"content":{"rendered":"<p class=\"x_MsoNormal\"><a href=\"https:\/\/radiowebmx.com\/nota\/wp-content\/uploads\/2016\/04\/DSC_0079cel.jpg\"><img loading=\"lazy\" decoding=\"async\" class=\"alignleft size-full wp-image-22736\" src=\"https:\/\/radiowebmx.com\/nota\/wp-content\/uploads\/2016\/04\/DSC_0079cel.jpg\" alt=\"DSC_0079cel\" width=\"591\" height=\"274\" srcset=\"https:\/\/radiowebmx.com\/nota\/wp-content\/uploads\/2016\/04\/DSC_0079cel.jpg 591w, https:\/\/radiowebmx.com\/nota\/wp-content\/uploads\/2016\/04\/DSC_0079cel-300x139.jpg 300w\" sizes=\"auto, (max-width: 591px) 100vw, 591px\" \/><\/a>En el marco\u00a0 de la Primera\u00a0 Sesi\u00f3n Ordinaria\u00a0 del Consejo Estatal de Seguridad P\u00fablica, el Gobernador Constitucional Silvano Aureoles Conejo,\u00a0 en compa\u00f1\u00eda de los nuevos integrantes\u00a0 y consejeros de dicho organismo\u00a0 acordaron en el punto 13 de la orden del d\u00eda otorgar cabalmente y en votaci\u00f3n un\u00e1nime\u00a0 la UR (Unidad Responsable)\u00a0 al \u00d3rgano Auxiliar\u00a0 del Secretariado Ejecutivo del Sistema Estatal Seguridad P\u00fablica: Centro Estatal de Prevenci\u00f3n del\u00a0 Delito y Participaci\u00f3n Ciudadana\u00a0 (CEPDPC).<\/p>\n<p class=\"x_MsoNormal\">\n<p class=\"x_MsoNormal\">Este \u00f3rgano se establece como\u00a0 la Instituci\u00f3n rectora \u00a0que fortalece la investigaci\u00f3n, la<span lang=\"ES-MX\"> aplicaci\u00f3n de las nuevas tecnolog\u00edas; as\u00ed como tambi\u00e9n la participaci\u00f3n \u00a0ciudadana en los procesos de creaci\u00f3n y conservaci\u00f3n de la cultura de la paz, por medio de la gesti\u00f3n social as\u00ed lo coment\u00f3 la titular Cristina Cort\u00e9s\u00a0 Carrillo<\/span><\/p>\n<p class=\"x_MsoNormal\">\n<p class=\"x_MsoNormal\"><span lang=\"ES-MX\">La Directora General\u00a0 del CEPDPC explic\u00f3 de manera detallada los fundamentos y antecedentes de creaci\u00f3n\u00a0 de este organismo que adem\u00e1s se caracteriza por su compromiso social a trav\u00e9s de la promoci\u00f3n, organizaci\u00f3n, realizaci\u00f3n y dise\u00f1o transversal de pol\u00edticas estrat\u00e9gicas, en beneficio de los michoacanos.<\/span><\/p>\n<p class=\"x_MsoNormal\"><span lang=\"ES-MX\">\u00a0<\/span><\/p>\n<p class=\"x_MsoNormal\"><span lang=\"ES-MX\">Cort\u00e9s Carrillo finalmente\u00a0 acever\u00f3, que es con la formaci\u00f3n profesional\u00a0 y un claro objetivo\u00a0 apegado a la ley del Sistema Estatal de Seguridad P\u00fablica y los Lineamientos\u00a0 de Prevenci\u00f3n Social del Delito, como se construye un esquema de trabajo que de resultados y se asiente en el desarrollo integral de los michoacanos.<\/span><\/p>\n<p class=\"x_MsoNormal\">El Gobierno del Estado a trav\u00e9s\u00a0 del Secretariado Ejecutivo de Seguridad P\u00fablica, crean con\u00a0 convicci\u00f3n\u00a0 para hacer bien las cosas. La construcci\u00f3n\u00a0 es la estrategia\u00a0 por que sentamos las bases para \u00a1un mejor ma\u00f1ana!.<\/p>\n","protected":false},"excerpt":{"rendered":"<p>En el marco  de la Primera  Sesi\u00f3n Ordinaria  del Consejo Estatal de Seguridad P\u00fablica, el Gobernador Constitucional Silvano Aureoles Conejo,<\/p>\n","protected":false},"author":1,"featured_media":22736,"comment_status":"open","ping_status":"open","sticky":false,"template":"","format":"standard","meta":{"footnotes":""},"categories":[14],"tags":[],"class_list":["post-22734","post","type-post","status-publish","format-standard","has-post-thumbnail","hentry","category-destacadas"],"_links":{"self":[{"href":"https:\/\/radiowebmx.com\/nota\/wp-json\/wp\/v2\/posts\/22734","targetHints":{"allow":["GET"]}}],"collection":[{"href":"https:\/\/radiowebmx.com\/nota\/wp-json\/wp\/v2\/posts"}],"about":[{"href":"https:\/\/radiowebmx.com\/nota\/wp-json\/wp\/v2\/types\/post"}],"author":[{"embeddable":true,"href":"https:\/\/radiowebmx.com\/nota\/wp-json\/wp\/v2\/users\/1"}],"replies":[{"embeddable":true,"href":"https:\/\/radiowebmx.com\/nota\/wp-json\/wp\/v2\/comments?post=22734"}],"version-history":[{"count":1,"href":"https:\/\/radiowebmx.com\/nota\/wp-json\/wp\/v2\/posts\/22734\/revisions"}],"predecessor-version":[{"id":22737,"href":"https:\/\/radiowebmx.com\/nota\/wp-json\/wp\/v2\/posts\/22734\/revisions\/22737"}],"wp:featuredmedia":[{"embeddable":true,"href":"https:\/\/radiowebmx.com\/nota\/wp-json\/wp\/v2\/media\/22736"}],"wp:attachment":[{"href":"https:\/\/radiowebmx.com\/nota\/wp-json\/wp\/v2\/media?parent=22734"}],"wp:term":[{"taxonomy":"category","embeddable":true,"href":"https:\/\/radiowebmx.com\/nota\/wp-json\/wp\/v2\/categories?post=22734"},{"taxonomy":"post_tag","embeddable":true,"href":"https:\/\/radiowebmx.com\/nota\/wp-json\/wp\/v2\/tags?post=22734"}],"curies":[{"name":"wp","href":"https:\/\/api.w.org\/{rel}","templated":true}]}}