{"id":22725,"date":"2016-04-13T13:39:10","date_gmt":"2016-04-13T18:39:10","guid":{"rendered":"https:\/\/radiowebmx.com\/nota\/?p=22725"},"modified":"2016-04-13T13:40:41","modified_gmt":"2016-04-13T18:40:41","slug":"con-eventos-como-el-circuito-tarasco-michoacan-recuperara-su-grandeza-daniel-moncada","status":"publish","type":"post","link":"https:\/\/radiowebmx.com\/nota\/con-eventos-como-el-circuito-tarasco-michoacan-recuperara-su-grandeza-daniel-moncada\/","title":{"rendered":"Con eventos como el Circuito Tarasco, Michoac\u00e1n recuperar\u00e1 su grandeza: Daniel Moncada"},"content":{"rendered":"<p><a href=\"https:\/\/radiowebmx.com\/nota\/wp-content\/uploads\/2016\/04\/Circuito-Tarasco.jpg\"><img loading=\"lazy\" decoding=\"async\" class=\"alignleft size-full wp-image-22726\" src=\"https:\/\/radiowebmx.com\/nota\/wp-content\/uploads\/2016\/04\/Circuito-Tarasco.jpg\" alt=\"Circuito-Tarasco\" width=\"591\" height=\"296\" srcset=\"https:\/\/radiowebmx.com\/nota\/wp-content\/uploads\/2016\/04\/Circuito-Tarasco.jpg 591w, https:\/\/radiowebmx.com\/nota\/wp-content\/uploads\/2016\/04\/Circuito-Tarasco-300x150.jpg 300w\" sizes=\"auto, (max-width: 591px) 100vw, 591px\" \/><\/a>Michoac\u00e1n puede recuperar su grandeza y liderazgo a nivel nacional a partir de impulsar eventos como el Rally Circuito Tarasco, que se llevar\u00e1 a cabo en la entidad el 16 de abril pr\u00f3ximo, remarc\u00f3 el Diputado por Movimiento Ciudadano, Daniel Moncada S\u00e1nchez.<\/p>\n<p>A partir del recorrido que se har\u00e1 con \u00e9ste Rally se mostrar\u00e1 una de las zonas m\u00e1s bellas de Michoac\u00e1n y del pa\u00eds, con panor\u00e1micas impresionantes, que podr\u00e1n disfrutar tambi\u00e9n los participantes provenientes de diversas partes de M\u00e9xico, se\u00f1al\u00f3 el Legislador.<\/p>\n<p>\u201cNo todo en Michoac\u00e1n es malo, se tiene muchas cosas buenas que ofrecer\u201d, es un estado con una gran riqueza natural y cultural, indic\u00f3 el adem\u00e1s Presidente de la Comisi\u00f3n de Juventud y Deporte, al acompa\u00f1ar a la conferencia de prensa que ofreci\u00f3 el Comit\u00e9 Organizador del Rally Circuito Tarasco, para dar a conocer las rutas e itinerario del evento.<\/p>\n<p>En este contexto, Moncada S\u00e1nchez felicit\u00f3 a los organizadores, quienes \u2013dijo- demuestran que con voluntad y compromiso, \u201cm\u00e1s all\u00e1 de los apoyos institucionales, con una din\u00e1mica de autogesti\u00f3n, de organizaci\u00f3n propia, donde todos ponen un granito de arena, se logran grandes eventos que se pueden llegar a convertir en \u00edconos nacionales e internacionales\u201d.<\/p>\n<p>Evento organizado por la Camac, saldr\u00e1 a las 8:00 horas de la capital michoacana hasta la Plaza Principal del municipio de Villa Madero, donde se realizar\u00e1 una convivencia con los participantes. El regreso a la capital michoacana se prev\u00e9 sea a las 19:00 hrs.<\/p>\n<p>El Comit\u00e9 Organizador anunci\u00f3 que para el Rally \u201cCircuito Tarasco\u201d se esperan de 22 a 24 autos de competencia, as\u00ed como tambi\u00e9n alrededor de 20 autos antiguos. Respectivamente participar\u00e1n en las rutas de velocidad y de regularidad, que se tiene programado.<\/p>\n<p>As\u00ed como el Rally que se llevar\u00e1 a cabo \u00e9ste fin de semana, el mezcal de Villa Madero pueden detonar el liderazgo de Michoac\u00e1n a nivel mundial, y esto puede llevar al estado al lugar que merece, destac\u00f3 Daniel Moncada.<\/p>\n<p>Se\u00f1al\u00f3 que se tienen que apoyar este tipo de eventos, el cual \u2013indic\u00f3- debe ser el primero de muchos; aunque los recursos destinados para estas actividades, dijo, no son suficientes, \u201csi todos ponemos un granito de arena vamos a lograr\u201d convertir a este evento en referencia.<\/p>\n<p>Por esto, concluy\u00f3 Daniel Moncada, quien apoy\u00f3 para la realizaci\u00f3n de \u00e9ste evento, \u201chago una extensa invitaci\u00f3n a todos los michoacanos para que asistan, estos eventos son familiares, para que vayan y disfruten de una gran competencia\u201d.<\/p>\n","protected":false},"excerpt":{"rendered":"<p>Michoac\u00e1n puede recuperar su grandeza y liderazgo a nivel nacional a partir de impulsar eventos como el Rally Circuito Tarasco, que se llevar\u00e1 a cabo en la entidad el 16 de abril pr\u00f3ximo, remarc\u00f3 el Diputado por Movimiento Ciudadano, Daniel Moncada S\u00e1nchez.<\/p>\n","protected":false},"author":1,"featured_media":22726,"comment_status":"open","ping_status":"open","sticky":false,"template":"","format":"standard","meta":{"footnotes":""},"categories":[14,18,11],"tags":[],"class_list":["post-22725","post","type-post","status-publish","format-standard","has-post-thumbnail","hentry","category-destacadas","category-movimiento-ciudadano","category-partidos-politicos"],"_links":{"self":[{"href":"https:\/\/radiowebmx.com\/nota\/wp-json\/wp\/v2\/posts\/22725","targetHints":{"allow":["GET"]}}],"collection":[{"href":"https:\/\/radiowebmx.com\/nota\/wp-json\/wp\/v2\/posts"}],"about":[{"href":"https:\/\/radiowebmx.com\/nota\/wp-json\/wp\/v2\/types\/post"}],"author":[{"embeddable":true,"href":"https:\/\/radiowebmx.com\/nota\/wp-json\/wp\/v2\/users\/1"}],"replies":[{"embeddable":true,"href":"https:\/\/radiowebmx.com\/nota\/wp-json\/wp\/v2\/comments?post=22725"}],"version-history":[{"count":1,"href":"https:\/\/radiowebmx.com\/nota\/wp-json\/wp\/v2\/posts\/22725\/revisions"}],"predecessor-version":[{"id":22727,"href":"https:\/\/radiowebmx.com\/nota\/wp-json\/wp\/v2\/posts\/22725\/revisions\/22727"}],"wp:featuredmedia":[{"embeddable":true,"href":"https:\/\/radiowebmx.com\/nota\/wp-json\/wp\/v2\/media\/22726"}],"wp:attachment":[{"href":"https:\/\/radiowebmx.com\/nota\/wp-json\/wp\/v2\/media?parent=22725"}],"wp:term":[{"taxonomy":"category","embeddable":true,"href":"https:\/\/radiowebmx.com\/nota\/wp-json\/wp\/v2\/categories?post=22725"},{"taxonomy":"post_tag","embeddable":true,"href":"https:\/\/radiowebmx.com\/nota\/wp-json\/wp\/v2\/tags?post=22725"}],"curies":[{"name":"wp","href":"https:\/\/api.w.org\/{rel}","templated":true}]}}