{"id":22720,"date":"2016-04-13T13:24:53","date_gmt":"2016-04-13T18:24:53","guid":{"rendered":"https:\/\/radiowebmx.com\/nota\/?p=22720"},"modified":"2016-04-13T13:24:53","modified_gmt":"2016-04-13T18:24:53","slug":"no-daremos-tregua-a-la-delincuencia-silvano-aureoles","status":"publish","type":"post","link":"https:\/\/radiowebmx.com\/nota\/no-daremos-tregua-a-la-delincuencia-silvano-aureoles\/","title":{"rendered":"No daremos tregua a la delincuencia: Silvano Aureoles"},"content":{"rendered":"<p><a href=\"https:\/\/radiowebmx.com\/nota\/wp-content\/uploads\/2016\/04\/6ffb104d-158f-4a13-b890-34e896d364d0.jpg\"><img loading=\"lazy\" decoding=\"async\" class=\"alignleft size-full wp-image-22721\" src=\"https:\/\/radiowebmx.com\/nota\/wp-content\/uploads\/2016\/04\/6ffb104d-158f-4a13-b890-34e896d364d0.jpg\" alt=\"6ffb104d-158f-4a13-b890-34e896d364d0\" width=\"591\" height=\"321\" srcset=\"https:\/\/radiowebmx.com\/nota\/wp-content\/uploads\/2016\/04\/6ffb104d-158f-4a13-b890-34e896d364d0.jpg 591w, https:\/\/radiowebmx.com\/nota\/wp-content\/uploads\/2016\/04\/6ffb104d-158f-4a13-b890-34e896d364d0-300x163.jpg 300w\" sizes=\"auto, (max-width: 591px) 100vw, 591px\" \/><\/a>Al presidir la primera sesi\u00f3n ordinaria del Consejo Estatal de Seguridad P\u00fablica, el Gobernador Constitucional Silvano Aureoles Conejo, afirm\u00f3 que \u201cno daremos tregua a delincuentes, ni a personas armadas que violenten el orden p\u00fablico y la paz de las michoacanas y los michoacanos, no permitiremos ni por asomo que la delincuencia organizada intente apoderarse de espacio alguno\u201d.<\/p>\n<p>Acompa\u00f1ado de los integrantes del Grupo de Coordinaci\u00f3n Michoac\u00e1n, de los representantes de los Poderes del Estado, del sector acad\u00e9mico y de la sociedad civil, as\u00ed como por alcaldes de las diez regiones de la entidad, el mandatario fue enf\u00e1tico al se\u00f1alar que la autoridad est\u00e1 obligada a cumplir la ley y hacerla cumplir.<\/p>\n<p>\u201cPorque sabemos que la inmensa mayor\u00eda de la poblaci\u00f3n somos mujeres y hombres que queremos el bien para Michoac\u00e1n y que el camino de la inseguridad y la violencia no es el destino de nuestro estado\u201d, subray\u00f3.<\/p>\n<p>En este marco, Silvano Aureoles tom\u00f3 protesta a las y los integrantes del Consejo Estatal de Seguridad P\u00fablica, y confi\u00f3 en que desde este \u00f3rgano se tracen directrices para seguir caminando en el rumbo correcto en materia de seguridad, tras se\u00f1alar que con su equipo de Gobierno, en coordinaci\u00f3n con la Federaci\u00f3n y el compromiso y acompa\u00f1amiento de las administraciones municipales, se lograr\u00e1 el objetivo superior de lograr la paz y la estabilidad permanente para la entidad.<\/p>\n<p>\u201cNo permitiremos que regresemos a la etapa de zozobra e incertidumbre o que retrocedamos en lo ganado; Michoac\u00e1n ser\u00e1 un estado en el que las familias puedan vivir con tranquilidad, con trabajo y con oportunidades\u201d.<\/p>\n<p>El Gobernador reconoci\u00f3 a las y los integrantes del Consejo su disposici\u00f3n para formar parte de este organismo, que dijo, no ser\u00e1 solo para cumplir un requisito en la ley, sino que deber\u00e1n jugar un papel activo y permanente en la revisi\u00f3n de las pol\u00edticas p\u00fablicas en la materia y en la toma de los acuerdos que sean necesarios.<\/p>\n<p>Se\u00f1al\u00f3 que en a\u00f1os anteriores por una serie de circunstancias las y los michoacanos se vieron afectados por problemas de inseguridad y violencia, por lo que se pidi\u00f3 el apoyo al Gobierno de la Rep\u00fablica para afrontar esta situaci\u00f3n, quien trav\u00e9s del Plan Michoac\u00e1n sembr\u00f3 las bases para retomar el sendero hacia la seguridad y el desarrollo integral en el estado.<\/p>\n<p>El mandatario dijo que estas acciones, que se han implementado desde el 2014 hasta la fecha, han permitido llegar a un punto en que los resultados en materia de seguridad son favorables, y recalc\u00f3 que desde el inicio de su administraci\u00f3n hizo \u00e9nfasis en tres temas fundamentales, como es restablecer el control de las finanzas p\u00fablicas, retomar la rector\u00eda del Gobierno en la educaci\u00f3n y el tema de la seguridad p\u00fablica, en los cuales se ha trabajado de manera intensa.<\/p>\n<p>Silvano Aureoles afirm\u00f3 que paralelamente a las acciones que se implementan en materia de seguridad, se pondr\u00e1 \u00e9nfasis en los programas sociales para generar mejores condiciones de vida para la poblaci\u00f3n y en breve se entregar\u00e1 al Congreso local, la iniciativa para la Ley de Prevenci\u00f3n Social de la Violencia y la Delincuencia.<\/p>\n<p>Por su parte, el secretario de Gobierno, Adri\u00e1n L\u00f3pez Sol\u00eds, expuso el estado que guarda la seguridad p\u00fablica en la entidad, donde resalt\u00f3 que se han emprendido un conjunto de acciones estrat\u00e9gicas sobre la base de la coordinaci\u00f3n interinstitucional, entre ellas, la firma del Mando \u00danico Policial; la realizaci\u00f3n de 35 reuniones del Grupo de Coordinaci\u00f3n para la Seguridad de Michoac\u00e1n; el trabajo para reforzar la capacidad del gobierno y de las instancias policiales en las \u00e1reas de investigaci\u00f3n; la realizaci\u00f3n de las Mesas de Seguridad y Justicia en las diversas regiones de la entidad; la construcci\u00f3n de un programa estatal de Derechos Humanos; as\u00ed como la implementaci\u00f3n del Nuevo Sistema de Justicia Penal en la mayor\u00eda del territorio estatal, y la instalaci\u00f3n del Consejo de Participaci\u00f3n Ciudadana, entre otras.<\/p>\n<p>Sostuvo que afrontar el problema desde la visi\u00f3n del gobierno, requiere de un modelo con ejes claros que conduzcan no s\u00f3lo a las acciones de contenci\u00f3n y de reacci\u00f3n, sino que tambi\u00e9n contemple el equipamiento, el uso de tecnolog\u00edas e inteligencia, y que el proceso de reclutamiento, capacitaci\u00f3n, evaluaci\u00f3n y certificaci\u00f3n de las y los integrantes de los cuerpos policiales, den como resultado una mayor efectividad en la tarea de los cuerpos de seguridad.<\/p>\n<p>Por su parte, el secretario de Seguridad P\u00fablica, Antonio Bernal Bustamante, expuso la reprogramaciones realizadas al anexo t\u00e9cnico del Fondo de Aportaciones para la Seguridad P\u00fablica de los Estados y del Distrito Federal (FAS) 2015.<\/p>\n<p>En la sesi\u00f3n, el Gobernador Silvano Aureoles, tambi\u00e9n tom\u00f3 protesta a Dolores de los \u00c1ngeles N\u00e1zares Jer\u00f3nimo como secretaria Ejecutiva del Sistema Estatal de Seguridad P\u00fablica, adem\u00e1s las y los integrantes del Consejo aprobaron la creaci\u00f3n de una Unidad Responsable dentro del Secretariado Ejecutivo para el Centro Estatal de Participaci\u00f3n Ciudadana y Prevenci\u00f3n del Delito.<\/p>\n<p>Durante la reuni\u00f3n tambi\u00e9n estuvieron presentes el mando Especial para la Seguridad de Michoac\u00e1n, Pedro Felipe Gurrola Ram\u00edrez; el General Jos\u00e9 Francisco Morales C\u00e1zares, comandante de la XXI Zona Militar; el vicealmirante Luis Mario Ram\u00f3n Bravo Rom\u00e1n, comandante de la X Zona Naval; el procurador General de Justicia del Estado, Jos\u00e9 Mart\u00edn Godoy Castro; el diputado Wilfrido L\u00e1zaro Medina, presidente de la Comisi\u00f3n de Seguridad P\u00fablica en el Congreso local, y el magistrado, V\u00edctor Barrag\u00e1n Ben\u00edtez, por parte del Poder Judicial del Estado.<\/p>\n<p>Adem\u00e1s de Cristina Cort\u00e9s Carrillo, directora del Centro Estatal de Participaci\u00f3n Ciudadana y Prevenci\u00f3n del Delito, alcaldes de cada una de las diez regiones del estado, y como consejeros representantes del Consejo de Participaci\u00f3n Ciudadana, el rector de la Universidad Michoacana de San Nicol\u00e1s de Hidalgo, Medardo Serna Gonz\u00e1lez; la empresaria, Isllal\u00ed Belmonte Rosales, as\u00ed como Roberto Ram\u00edrez Delgado y Fernando Orozco Miranda por parte de la ciudadan\u00eda.<\/p>\n","protected":false},"excerpt":{"rendered":"<p>Al presidir la primera sesi\u00f3n ordinaria del Consejo Estatal de Seguridad P\u00fablica, el Gobernador Constitucional Silvano Aureoles Conejo, afirm\u00f3 que \u201cno daremos tregua a delincuentes,<\/p>\n","protected":false},"author":1,"featured_media":22721,"comment_status":"open","ping_status":"open","sticky":false,"template":"","format":"standard","meta":{"footnotes":""},"categories":[14,3],"tags":[],"class_list":["post-22720","post","type-post","status-publish","format-standard","has-post-thumbnail","hentry","category-destacadas","category-gobierno-del-estado-de-michoacan"],"_links":{"self":[{"href":"https:\/\/radiowebmx.com\/nota\/wp-json\/wp\/v2\/posts\/22720","targetHints":{"allow":["GET"]}}],"collection":[{"href":"https:\/\/radiowebmx.com\/nota\/wp-json\/wp\/v2\/posts"}],"about":[{"href":"https:\/\/radiowebmx.com\/nota\/wp-json\/wp\/v2\/types\/post"}],"author":[{"embeddable":true,"href":"https:\/\/radiowebmx.com\/nota\/wp-json\/wp\/v2\/users\/1"}],"replies":[{"embeddable":true,"href":"https:\/\/radiowebmx.com\/nota\/wp-json\/wp\/v2\/comments?post=22720"}],"version-history":[{"count":1,"href":"https:\/\/radiowebmx.com\/nota\/wp-json\/wp\/v2\/posts\/22720\/revisions"}],"predecessor-version":[{"id":22722,"href":"https:\/\/radiowebmx.com\/nota\/wp-json\/wp\/v2\/posts\/22720\/revisions\/22722"}],"wp:featuredmedia":[{"embeddable":true,"href":"https:\/\/radiowebmx.com\/nota\/wp-json\/wp\/v2\/media\/22721"}],"wp:attachment":[{"href":"https:\/\/radiowebmx.com\/nota\/wp-json\/wp\/v2\/media?parent=22720"}],"wp:term":[{"taxonomy":"category","embeddable":true,"href":"https:\/\/radiowebmx.com\/nota\/wp-json\/wp\/v2\/categories?post=22720"},{"taxonomy":"post_tag","embeddable":true,"href":"https:\/\/radiowebmx.com\/nota\/wp-json\/wp\/v2\/tags?post=22720"}],"curies":[{"name":"wp","href":"https:\/\/api.w.org\/{rel}","templated":true}]}}