{"id":22718,"date":"2016-04-13T13:21:26","date_gmt":"2016-04-13T18:21:26","guid":{"rendered":"https:\/\/radiowebmx.com\/nota\/?p=22718"},"modified":"2016-04-13T13:21:26","modified_gmt":"2016-04-13T18:21:26","slug":"conalep-michoacan-ofrece-actividades-artisticas-a-sus-alumnos-2","status":"publish","type":"post","link":"https:\/\/radiowebmx.com\/nota\/conalep-michoacan-ofrece-actividades-artisticas-a-sus-alumnos-2\/","title":{"rendered":"Conalep Michoac\u00e1n ofrece actividades art\u00edsticas a sus alumnos"},"content":{"rendered":"<p><a href=\"https:\/\/radiowebmx.com\/nota\/wp-content\/uploads\/2016\/04\/dd7d8d6c-13c5-4f60-9ae4-9e9bd311c7b1.jpg\"><img loading=\"lazy\" decoding=\"async\" class=\"alignleft size-full wp-image-22715\" src=\"https:\/\/radiowebmx.com\/nota\/wp-content\/uploads\/2016\/04\/dd7d8d6c-13c5-4f60-9ae4-9e9bd311c7b1.jpg\" alt=\"dd7d8d6c-13c5-4f60-9ae4-9e9bd311c7b1\" width=\"591\" height=\"288\" srcset=\"https:\/\/radiowebmx.com\/nota\/wp-content\/uploads\/2016\/04\/dd7d8d6c-13c5-4f60-9ae4-9e9bd311c7b1.jpg 591w, https:\/\/radiowebmx.com\/nota\/wp-content\/uploads\/2016\/04\/dd7d8d6c-13c5-4f60-9ae4-9e9bd311c7b1-300x146.jpg 300w\" sizes=\"auto, (max-width: 591px) 100vw, 591px\" \/><\/a>En el marco de la celebraci\u00f3n del D\u00eda Mundial del Teatro, en el Colegio de Educaci\u00f3n Profesional T\u00e9cnica del Estado de Michoac\u00e1n, plantel Morelia I,\u00a0 se present\u00f3 de manera gratuita la funci\u00f3n de teatro \u201cQue me entierren con Pompa\u201d, original del maestro Francisco Bautista.<\/p>\n<p>Uno de los objetivos de llevar a las aulas del Conalep Michoac\u00e1n esta puesta en escena es fomentar la cultura del teatro entre los alumnos y alumnas de este subsistema y encontrar en las actividades culturales un v\u00ednculo de aprendizaje con diversas materias contempladas dentro del programa acad\u00e9mico.<\/p>\n<p>La directora del Conalep Michoac\u00e1n, Minerva Bautista G\u00f3mez, se\u00f1al\u00f3 que este tipo de actividades complementarias, al igual que los programas de lectura que se efect\u00faan en los diversos planteles, ayudan a los alumnos y alumnas a involucrarse en actividades art\u00edsticas, en este caso el teatro, como veh\u00edculo de expresi\u00f3n.<\/p>\n<p>La obra, interpretada por los actores Cop\u00e9rnico Vega, Omar Garc\u00eda, Gustavo Ponce de Le\u00f3n y Marco Antonio Ortiz, muestra la vida de una familia campesina y el \u00faltimo deseo que el padre les pide a sus dos hijos: ser enterrado con los lujos que no tuvo en vida.<\/p>\n<p>Cuarenta j\u00f3venes\u00a0 de segundo y cuarto semestre de diversas carreras disfrutaron durante 60 minutos de la obra de teatro, que este a\u00f1o es un homenaje p\u00f3stumo al actor y director michoacano Francisco Bautista.<\/p>\n<p>Los adolescentes manifestaron su gusto por la presentaci\u00f3n y solicitaron a los directivos y profesores que en un futuro tengan la oportunidad de conocer otras obras teatrales.<\/p>\n","protected":false},"excerpt":{"rendered":"<p>En el marco de la celebraci\u00f3n del D\u00eda Mundial del Teatro, en el Colegio de Educaci\u00f3n Profesional T\u00e9cnica del Estado de Michoac\u00e1n, plantel Morelia I,  se present\u00f3 de manera gratuita la funci\u00f3n de teatro \u201cQue me entierren con Pompa\u201d, original del maestro Francisco Bautista.<\/p>\n","protected":false},"author":1,"featured_media":22715,"comment_status":"open","ping_status":"open","sticky":false,"template":"","format":"standard","meta":{"footnotes":""},"categories":[14,3],"tags":[],"class_list":["post-22718","post","type-post","status-publish","format-standard","has-post-thumbnail","hentry","category-destacadas","category-gobierno-del-estado-de-michoacan"],"_links":{"self":[{"href":"https:\/\/radiowebmx.com\/nota\/wp-json\/wp\/v2\/posts\/22718","targetHints":{"allow":["GET"]}}],"collection":[{"href":"https:\/\/radiowebmx.com\/nota\/wp-json\/wp\/v2\/posts"}],"about":[{"href":"https:\/\/radiowebmx.com\/nota\/wp-json\/wp\/v2\/types\/post"}],"author":[{"embeddable":true,"href":"https:\/\/radiowebmx.com\/nota\/wp-json\/wp\/v2\/users\/1"}],"replies":[{"embeddable":true,"href":"https:\/\/radiowebmx.com\/nota\/wp-json\/wp\/v2\/comments?post=22718"}],"version-history":[{"count":1,"href":"https:\/\/radiowebmx.com\/nota\/wp-json\/wp\/v2\/posts\/22718\/revisions"}],"predecessor-version":[{"id":22719,"href":"https:\/\/radiowebmx.com\/nota\/wp-json\/wp\/v2\/posts\/22718\/revisions\/22719"}],"wp:featuredmedia":[{"embeddable":true,"href":"https:\/\/radiowebmx.com\/nota\/wp-json\/wp\/v2\/media\/22715"}],"wp:attachment":[{"href":"https:\/\/radiowebmx.com\/nota\/wp-json\/wp\/v2\/media?parent=22718"}],"wp:term":[{"taxonomy":"category","embeddable":true,"href":"https:\/\/radiowebmx.com\/nota\/wp-json\/wp\/v2\/categories?post=22718"},{"taxonomy":"post_tag","embeddable":true,"href":"https:\/\/radiowebmx.com\/nota\/wp-json\/wp\/v2\/tags?post=22718"}],"curies":[{"name":"wp","href":"https:\/\/api.w.org\/{rel}","templated":true}]}}