{"id":22711,"date":"2016-04-13T13:01:51","date_gmt":"2016-04-13T18:01:51","guid":{"rendered":"https:\/\/radiowebmx.com\/nota\/?p=22711"},"modified":"2016-04-13T13:01:51","modified_gmt":"2016-04-13T18:01:51","slug":"nada-ni-nadie-nos-alejara-del-objetivo-de-recuperar-la-paz-social-en-michoacan-silvano-aureoles","status":"publish","type":"post","link":"https:\/\/radiowebmx.com\/nota\/nada-ni-nadie-nos-alejara-del-objetivo-de-recuperar-la-paz-social-en-michoacan-silvano-aureoles\/","title":{"rendered":"Nada ni nadie nos alejar\u00e1 del objetivo de recuperar la paz social en Michoac\u00e1n: Silvano Aureoles"},"content":{"rendered":"<p><a href=\"https:\/\/radiowebmx.com\/nota\/wp-content\/uploads\/2016\/04\/126e05cc-4313-469d-9c5f-cf72fbc650cb.jpg\"><img loading=\"lazy\" decoding=\"async\" class=\"alignleft size-full wp-image-22712\" src=\"https:\/\/radiowebmx.com\/nota\/wp-content\/uploads\/2016\/04\/126e05cc-4313-469d-9c5f-cf72fbc650cb.jpg\" alt=\"126e05cc-4313-469d-9c5f-cf72fbc650cb\" width=\"591\" height=\"393\" srcset=\"https:\/\/radiowebmx.com\/nota\/wp-content\/uploads\/2016\/04\/126e05cc-4313-469d-9c5f-cf72fbc650cb.jpg 591w, https:\/\/radiowebmx.com\/nota\/wp-content\/uploads\/2016\/04\/126e05cc-4313-469d-9c5f-cf72fbc650cb-300x199.jpg 300w\" sizes=\"auto, (max-width: 591px) 100vw, 591px\" \/><\/a>Nada ni nadie har\u00e1 que nos alejemos de nuestro objetivo supremo de recuperar la paz social de todo Michoac\u00e1n, sentenci\u00f3 el Gobernador Constitucional, Silvano Aureoles Conejo durante el evento de transici\u00f3n de la Fuerza Rural a Polic\u00eda Michoac\u00e1n.<\/p>\n<p>Al brindar un mensaje, Silvano Aureoles precis\u00f3 que la autoridad estatal pronto lograr\u00e1 erradicar, por completo, la criminalidad y la violencia; combatiendo de frente la impunidad para dar certeza a los michoacanos, por ello el Gobierno del Estado no retroceder\u00e1 &#8220;ni un mil\u00edmetro&#8221; para recuperar la paz plena y duradera.<\/p>\n<p>En las instalaciones del \u00a0Instituto Estatal de Formaci\u00f3n Policial, Silvano Aureoles pidi\u00f3 a los 561 elementos, que hoy se incorporaron a la Polic\u00eda Michoac\u00e1n, velar por la \u00a0tranquilidad e integridad f\u00edsica de los ciudadanos.<\/p>\n<p>\u201cVamos a seguir trabajando para garantizarles estabilidad y seguridad a los michoacanos. Ning\u00fan acto de la autoridad ser\u00e1 detenido por acciones de chantaje y amenaza. Ning\u00fan bloqueo, quema de veh\u00edculos o uso de ni\u00f1os o mujeres\u00a0 como escudo para encubrir acciones perversas que da\u00f1an a nuestra sociedad, ser\u00e1n suficientes para detener la aplicaci\u00f3n de la ley y restablecer la paz\u201d, asever\u00f3.<\/p>\n<p>El mandatario estatal reiter\u00f3 que durante su administraci\u00f3n prevalecer\u00e1 el Estado de Derecho y la aplicaci\u00f3n de la ley, por lo que manifest\u00f3 que la fortaleza de las instituciones y la decisi\u00f3n de las michoacanas y michoacanos por recuperar la paz, la estabilidad, cuidar su vida y su patrimonio, nadie las detendr\u00e1.<\/p>\n<p>Lo anterior, dijo, solamente se conseguir\u00e1 con la unidad de la sociedad y los \u00f3rdenes de Gobierno, sumados por una misma causa, lo que permitir\u00e1 construir la estabilidad, el progreso y escribir una\u00a0 mejor historia para los michoacanos.<\/p>\n<p>Aureoles Conejo destac\u00f3 que los 561 elementos, a\u00f1os atr\u00e1s se vieron obligados a empu\u00f1ar las armas en defensa de sus familias y su patrimonio, enfrent\u00e1ndose cara a cara con el crimen organizado. \u201cEste evento es de reconocimiento y fortalecimiento para nuestra Polic\u00eda Michoac\u00e1n, porque un Estado es tan fuerte como lo son sus instituciones\u201d.<\/p>\n<p>De igual manera, record\u00f3 que durante esta administraci\u00f3n se ha alcanzado la mayor disminuci\u00f3n de incidencia delictiva, en los \u00faltimos 10 a\u00f1os, abatiendo los delitos de alto impacto como son: homicidio doloso; robo con violencia; extorsi\u00f3n y secuestro, lo que coloca a Michoac\u00e1n como la sexta entidad m\u00e1s segura de M\u00e9xico.<\/p>\n<p>En su oportunidad, el secretario de Seguridad P\u00fablica, Juan Antonio Bernal Bustamante, manifest\u00f3 que la nueva Polic\u00eda Michoac\u00e1n debe distinguirse por su confiabilidad, honorabilidad y compromiso de trabajo con la sociedad michoacana.<\/p>\n<p>Ante ello, coment\u00f3 que uno de los grandes retos para conformarla, fue la extinci\u00f3n del grupo policial denominado Fuerza Rural.<\/p>\n<p>Inform\u00f3 que el proceso de transici\u00f3n se desarroll\u00f3 del 11 de marzo al 8 de abril, el cual consisti\u00f3 en evaluar a 872 elementos, mediante la aplicaci\u00f3n de ex\u00e1menes de control y confianza y una capacitaci\u00f3n de habilidades y destrezas, del que aprobaron 561 uniformados y fueron desincorporados 311.<\/p>\n<p>\u201cEsta acci\u00f3n es un claro ejemplo de la prioridad que tenemos como servidores p\u00fablicos para fortalecer, profesionalizar y modernizar las instituciones de seguridad, para brindar las condiciones de tranquilidad y paz que demandan los michoacanos\u201d.<\/p>\n<p>Al igual que los ciudadanos, manifest\u00f3 que los uniformados son una parte valiosa de la administraci\u00f3n estatal. \u201cQueremos alejar la mala percepci\u00f3n de la sociedad que impera sobre la polic\u00eda, para ello sabemos bien que es necesario cumplir con nuestro trabajo y as\u00ed los haremos\u201d.<\/p>\n<p>Asistieron a esta actividad el secretario de Gobierno, Adri\u00e1n \u00a0L\u00f3pez Sol\u00eds; el Procurador General de Justicia del Estado, Jos\u00e9 Martin Godoy Castro; el secretario de Finanzas y Administraci\u00f3n, Carlos Maldonado Mendoza; el mando especial para la seguridad en Michoac\u00e1n, general Pedro Felipe Gurrola Ram\u00edrez; el comandante de la 21 Zona Militar, general Francisco Morales C\u00e1zarez; el presidente de la Mesa Directiva del Congreso del Estado, diputado Raymundo Arreola Ortega; la secretaria ejecutiva del Sistema Estatal de Seguridad P\u00fablica, Dolores de los \u00c1ngeles N\u00e1zares Moreno; la delegada de la PGR en Michoac\u00e1n, Bertha Paredes Gardu\u00f1o; el delegado de la Segob en Michoac\u00e1n, Florentino Coalla Pulido; el comisario estatal de la Polic\u00eda Federal, Israel Galv\u00e1n Jaime; el presidente de la Comisi\u00f3n de Seguridad P\u00fablica del Congreso del Estado, diputado Wilfrido L\u00e1zaro Medina, entre otros funcionarios.<\/p>\n","protected":false},"excerpt":{"rendered":"<p>Nada ni nadie har\u00e1 que nos alejemos de nuestro objetivo supremo de recuperar la paz social de todo Michoac\u00e1n, sentenci\u00f3 el Gobernador Constitucional, Silvano Aureoles Conejo durante el evento de transici\u00f3n de la Fuerza Rural a Polic\u00eda Michoac\u00e1n.<\/p>\n","protected":false},"author":1,"featured_media":22712,"comment_status":"open","ping_status":"open","sticky":false,"template":"","format":"standard","meta":{"footnotes":""},"categories":[14,3],"tags":[],"class_list":["post-22711","post","type-post","status-publish","format-standard","has-post-thumbnail","hentry","category-destacadas","category-gobierno-del-estado-de-michoacan"],"_links":{"self":[{"href":"https:\/\/radiowebmx.com\/nota\/wp-json\/wp\/v2\/posts\/22711","targetHints":{"allow":["GET"]}}],"collection":[{"href":"https:\/\/radiowebmx.com\/nota\/wp-json\/wp\/v2\/posts"}],"about":[{"href":"https:\/\/radiowebmx.com\/nota\/wp-json\/wp\/v2\/types\/post"}],"author":[{"embeddable":true,"href":"https:\/\/radiowebmx.com\/nota\/wp-json\/wp\/v2\/users\/1"}],"replies":[{"embeddable":true,"href":"https:\/\/radiowebmx.com\/nota\/wp-json\/wp\/v2\/comments?post=22711"}],"version-history":[{"count":1,"href":"https:\/\/radiowebmx.com\/nota\/wp-json\/wp\/v2\/posts\/22711\/revisions"}],"predecessor-version":[{"id":22713,"href":"https:\/\/radiowebmx.com\/nota\/wp-json\/wp\/v2\/posts\/22711\/revisions\/22713"}],"wp:featuredmedia":[{"embeddable":true,"href":"https:\/\/radiowebmx.com\/nota\/wp-json\/wp\/v2\/media\/22712"}],"wp:attachment":[{"href":"https:\/\/radiowebmx.com\/nota\/wp-json\/wp\/v2\/media?parent=22711"}],"wp:term":[{"taxonomy":"category","embeddable":true,"href":"https:\/\/radiowebmx.com\/nota\/wp-json\/wp\/v2\/categories?post=22711"},{"taxonomy":"post_tag","embeddable":true,"href":"https:\/\/radiowebmx.com\/nota\/wp-json\/wp\/v2\/tags?post=22711"}],"curies":[{"name":"wp","href":"https:\/\/api.w.org\/{rel}","templated":true}]}}