{"id":22704,"date":"2016-04-12T14:46:25","date_gmt":"2016-04-12T19:46:25","guid":{"rendered":"https:\/\/radiowebmx.com\/nota\/?p=22704"},"modified":"2016-04-12T15:06:19","modified_gmt":"2016-04-12T20:06:19","slug":"se-enfrentan-normalistas-y-policias","status":"publish","type":"post","link":"https:\/\/radiowebmx.com\/nota\/se-enfrentan-normalistas-y-policias\/","title":{"rendered":"SE ENFRENTAN POLICIAS Y ESTUDIANTES EN TITPETIO"},"content":{"rendered":"<p><a href=\"https:\/\/radiowebmx.com\/nota\/wp-content\/uploads\/2016\/04\/pf-8810130502MAESTROS_EC-c-702x336.jpg\"><img loading=\"lazy\" decoding=\"async\" class=\"alignleft size-full wp-image-22708\" src=\"https:\/\/radiowebmx.com\/nota\/wp-content\/uploads\/2016\/04\/pf-8810130502MAESTROS_EC-c-702x336.jpg\" alt=\"pf-8810130502MAESTROS_EC-c-702x336\" width=\"702\" height=\"336\" srcset=\"https:\/\/radiowebmx.com\/nota\/wp-content\/uploads\/2016\/04\/pf-8810130502MAESTROS_EC-c-702x336.jpg 702w, https:\/\/radiowebmx.com\/nota\/wp-content\/uploads\/2016\/04\/pf-8810130502MAESTROS_EC-c-702x336-300x144.jpg 300w\" sizes=\"auto, (max-width: 702px) 100vw, 702px\" \/><\/a>Hoy martes aproximadamente como a las trece horas se enfrentaron fuerzas policiacas y estudiantes Normalistas de Tiripetio, Las fuerza policial arribo por motivos de que dichos estudiantes se encontraban bloqueando las v\u00edas de comunicaci\u00f3n del tren en esa localidad en protesta de que se cumplan sus demandas, que consisten en el pago de becas, comentan que al no recibir respuesta positiva en las mesas de trabajo con la secretar\u00eda de educaci\u00f3n, finanzas y de gobierno. Cabe se\u00f1alar que estudiantes de Tiripetio ya hab\u00edan tomado la semana pasada la secretar\u00eda de educaci\u00f3n p\u00fablica la semana pasada por el mismo motivo.<\/p>\n<p>La demanda que exigen es de 8 millones de pesos, y que se les sea entregado el recurso de cuatro meses. Los estudiantes manifiestan que las autoridades les argumentan que dicho recurso se perdi\u00f3 durante el periodo de Jara, comento \u201cLos funcionarios hacen mal uso de los recursos; exigimos lo que nos corresponde\u201d\u2026.. Tambi\u00e9n exigen la liberaci\u00f3n de 10 compa\u00f1eros normalistas detenidos por la polic\u00eda. Y Exigen pronta respuesta a sus demandas.<\/p>\n","protected":false},"excerpt":{"rendered":"<p>Hoy martes aproximadamente como a las trece horas se enfrentaron fuerzas policiacas y estudiantes Normalistas de Tiripetio, <\/p>\n","protected":false},"author":1,"featured_media":22708,"comment_status":"open","ping_status":"open","sticky":false,"template":"","format":"standard","meta":{"footnotes":""},"categories":[14,1],"tags":[],"class_list":["post-22704","post","type-post","status-publish","format-standard","has-post-thumbnail","hentry","category-destacadas","category-sin-categoria"],"_links":{"self":[{"href":"https:\/\/radiowebmx.com\/nota\/wp-json\/wp\/v2\/posts\/22704","targetHints":{"allow":["GET"]}}],"collection":[{"href":"https:\/\/radiowebmx.com\/nota\/wp-json\/wp\/v2\/posts"}],"about":[{"href":"https:\/\/radiowebmx.com\/nota\/wp-json\/wp\/v2\/types\/post"}],"author":[{"embeddable":true,"href":"https:\/\/radiowebmx.com\/nota\/wp-json\/wp\/v2\/users\/1"}],"replies":[{"embeddable":true,"href":"https:\/\/radiowebmx.com\/nota\/wp-json\/wp\/v2\/comments?post=22704"}],"version-history":[{"count":4,"href":"https:\/\/radiowebmx.com\/nota\/wp-json\/wp\/v2\/posts\/22704\/revisions"}],"predecessor-version":[{"id":22709,"href":"https:\/\/radiowebmx.com\/nota\/wp-json\/wp\/v2\/posts\/22704\/revisions\/22709"}],"wp:featuredmedia":[{"embeddable":true,"href":"https:\/\/radiowebmx.com\/nota\/wp-json\/wp\/v2\/media\/22708"}],"wp:attachment":[{"href":"https:\/\/radiowebmx.com\/nota\/wp-json\/wp\/v2\/media?parent=22704"}],"wp:term":[{"taxonomy":"category","embeddable":true,"href":"https:\/\/radiowebmx.com\/nota\/wp-json\/wp\/v2\/categories?post=22704"},{"taxonomy":"post_tag","embeddable":true,"href":"https:\/\/radiowebmx.com\/nota\/wp-json\/wp\/v2\/tags?post=22704"}],"curies":[{"name":"wp","href":"https:\/\/api.w.org\/{rel}","templated":true}]}}