{"id":22695,"date":"2016-04-12T11:50:03","date_gmt":"2016-04-12T16:50:03","guid":{"rendered":"https:\/\/radiowebmx.com\/nota\/?p=22695"},"modified":"2016-04-12T11:50:03","modified_gmt":"2016-04-12T16:50:03","slug":"supera-expectativas-programa-congreso-en-tu-municipio-adriana-hernandez","status":"publish","type":"post","link":"https:\/\/radiowebmx.com\/nota\/supera-expectativas-programa-congreso-en-tu-municipio-adriana-hernandez\/","title":{"rendered":"Supera expectativas programa Congreso en tu Municipio: Adriana Hern\u00e1ndez"},"content":{"rendered":"<p class=\"x_MsoNormal\"><span lang=\"ES-TRAD\"><a href=\"https:\/\/radiowebmx.com\/nota\/wp-content\/uploads\/2016\/04\/DSC_8468.jpg\"><img loading=\"lazy\" decoding=\"async\" class=\"alignleft size-full wp-image-22696\" src=\"https:\/\/radiowebmx.com\/nota\/wp-content\/uploads\/2016\/04\/DSC_8468.jpg\" alt=\"DSC_8468\" width=\"591\" height=\"333\" srcset=\"https:\/\/radiowebmx.com\/nota\/wp-content\/uploads\/2016\/04\/DSC_8468.jpg 591w, https:\/\/radiowebmx.com\/nota\/wp-content\/uploads\/2016\/04\/DSC_8468-300x169.jpg 300w, https:\/\/radiowebmx.com\/nota\/wp-content\/uploads\/2016\/04\/DSC_8468-128x72.jpg 128w\" sizes=\"auto, (max-width: 591px) 100vw, 591px\" \/><\/a>El programa Congreso en tu Municipio super\u00f3 las expectativas planteadas, as\u00ed lo confirm\u00f3 la Coordinadora del Grupo Parlamentario del PRI en el Congreso del Estado, Adriana Hern\u00e1ndez \u00cd\u00f1iguez. Entrevistada por los representantes de los medios de comunicaci\u00f3n, una vez concluida la reuni\u00f3n, de la Junta de Coordinaci\u00f3n Pol\u00edtica (JUCOPO), respecto a las conclusiones de este primer evento en L\u00e1zaro C\u00e1rdenas, la legisladora indic\u00f3 que se cumpli\u00f3 con el objetivo de acercar a los funcionarios federales y estatales con los municipales para, de manera conjunta, abordar los problemas y aportar soluciones.<\/span><\/p>\n<p class=\"x_MsoNormal\"><span lang=\"ES-TRAD\">La diputada local por el distrito de La Piedad abund\u00f3 &#8220;nos dej\u00f3 un buen sabor de boca, \u201cla gente necesita que sus legisladores estemos trabajando m\u00e1s de cerca con ellos&#8221;. Dijo tambi\u00e9n que en el caso espec\u00edfico de L\u00e1zaro C\u00e1rdenas, se concluyeron grandes acuerdos como el compromiso de sostener una reuni\u00f3n posterior entre el delegado de Gobernaci\u00f3n, Florentino Coalla Pulido, el Presidente Municipal, autoridades del Puerto, empresarios y sociedad civil, al igual que la diputada local Elo\u00edsa Berber Zerme\u00f1o, para\u00a0 aplicar proyectos estrat\u00e9gicos.<\/span><\/p>\n<p class=\"x_MsoNormal\"><span lang=\"ES-TRAD\">Hern\u00e1ndez \u00cd\u00f1iguez agreg\u00f3 que Florentino Coalla habl\u00f3 y les explic\u00f3 de los alcances que tendr\u00e1 la Zona Econ\u00f3mica Especial de L\u00e1zaro C\u00e1rdenas, una vez que el Senado de la Rep\u00fablica apruebe la propuesta. De igual forma, se detall\u00f3 la estrategia en materia de seguridad que ya se viene aplicando.<\/span><\/p>\n<p class=\"x_MsoNormal\"><span lang=\"ES-TRAD\">&#8220;Nosotros estamos logrando lo que queremos: ser un puente, una mano para los gobiernos locales y, sobre todo, tambi\u00e9n que la gente sepa que aunque nosotros no somos el ejecutivo para realizar obras y acciones, somos un puente con ellos para que puedan acercarse con los funcionarios estatales y federales y, de alguna manera, podamos encontrar soluciones a los problemas regionales&#8221;.<\/span><\/p>\n<p class=\"x_MsoNormal\"><span lang=\"ES-TRAD\">Otro de los acuerdos fue que los delegados de Econom\u00eda, Salvador Abud Mirabent, y de Sedatu, Alfredo Fern\u00e1ndez Peri, regresar\u00e1n para trabajar con los enrramaderos del borde del R\u00edo Balsas, para ayudar con infraestructura y detonar la zona. &#8220;A iniciativa de mi compa\u00f1era, Elo\u00edsa Berber, que dicho sea de paso es la coordinadora de este programa,\u00a0 estamos tratando de conciliar el desarrollo de la ciudad y de las tenencias, con el que ha tenido el Puerto&#8221;.<\/span><\/p>\n<p class=\"x_MsoNormal\"><span lang=\"ES-TRAD\">Adelant\u00f3 que los pr\u00f3ximos d\u00edas viernes y s\u00e1bado, se replicar\u00e1 el programa en Jacona, con la diputada Adriana Campos Huirache. &#8220;Pero ah\u00ed la variante ser\u00e1 que presentaremos un gran proyecto tur\u00edstico para la Ca\u00f1ada de los Once Pueblos&#8221;.<\/span><\/p>\n<p class=\"x_MsoNormal\"><span lang=\"ES-TRAD\">Reiter\u00f3 que los tiempos actuales exigen que &#8220;todos juntos, sin distingos de partidos, trabajemos por los michoacanos. Y en este sentido agradezco a los diputados Nallely Pedraza Huerta y Ra\u00fal Prieto G\u00f3mez, del PRD, que nos acompa\u00f1aron, porque demuestran el amor y el inter\u00e9s que le tiene a la regi\u00f3n&#8221;.<\/span><\/p>\n<p class=\"x_MsoNormal\"><span lang=\"ES-TRAD\">Finalmente, precis\u00f3 que &#8220;El Congreso en tu Municipio&#8221; se llevar\u00e1 a cabo en los distritos donde encabezan nuestros diputados del PRI, &#8220;sin embargo, ya estamos recibiendo invitaciones de alcaldes, de otros partidos que tambi\u00e9n nos est\u00e1n invitando y con todo gusto acudiremos, obviamente, convocando al compa\u00f1ero legislador que le corresponda ese distrito&#8221;.<\/span><span lang=\"ES-TRAD\">\u00a0<\/span><\/p>\n<p class=\"x_MsoNormal\"><i><span lang=\"ES-TRAD\">Congreso en tu Municipio<\/span><\/i><span lang=\"ES-TRAD\"> ofrece tambi\u00e9n talleres de empoderamiento para\u00a0 mujeres, j\u00f3venes y sociedad civil en general, as\u00ed como obras y acciones en beneficio de los pobladores de las regiones que se visitan.<\/span><\/p>\n<p class=\"x_MsoNormal\">\n","protected":false},"excerpt":{"rendered":"<p>El programa Congreso en tu Municipio super\u00f3 las expectativas planteadas, as\u00ed lo confirm\u00f3 la Coordinadora del Grupo Parlamentario del PRI en el Congreso del Estado, Adriana Hern\u00e1ndez \u00cd\u00f1iguez. <\/p>\n","protected":false},"author":1,"featured_media":22696,"comment_status":"open","ping_status":"open","sticky":false,"template":"","format":"standard","meta":{"footnotes":""},"categories":[6,14,7],"tags":[],"class_list":["post-22695","post","type-post","status-publish","format-standard","has-post-thumbnail","hentry","category-congreso-del-estado","category-destacadas","category-grupo-parlamentario-del-pri"],"_links":{"self":[{"href":"https:\/\/radiowebmx.com\/nota\/wp-json\/wp\/v2\/posts\/22695","targetHints":{"allow":["GET"]}}],"collection":[{"href":"https:\/\/radiowebmx.com\/nota\/wp-json\/wp\/v2\/posts"}],"about":[{"href":"https:\/\/radiowebmx.com\/nota\/wp-json\/wp\/v2\/types\/post"}],"author":[{"embeddable":true,"href":"https:\/\/radiowebmx.com\/nota\/wp-json\/wp\/v2\/users\/1"}],"replies":[{"embeddable":true,"href":"https:\/\/radiowebmx.com\/nota\/wp-json\/wp\/v2\/comments?post=22695"}],"version-history":[{"count":1,"href":"https:\/\/radiowebmx.com\/nota\/wp-json\/wp\/v2\/posts\/22695\/revisions"}],"predecessor-version":[{"id":22697,"href":"https:\/\/radiowebmx.com\/nota\/wp-json\/wp\/v2\/posts\/22695\/revisions\/22697"}],"wp:featuredmedia":[{"embeddable":true,"href":"https:\/\/radiowebmx.com\/nota\/wp-json\/wp\/v2\/media\/22696"}],"wp:attachment":[{"href":"https:\/\/radiowebmx.com\/nota\/wp-json\/wp\/v2\/media?parent=22695"}],"wp:term":[{"taxonomy":"category","embeddable":true,"href":"https:\/\/radiowebmx.com\/nota\/wp-json\/wp\/v2\/categories?post=22695"},{"taxonomy":"post_tag","embeddable":true,"href":"https:\/\/radiowebmx.com\/nota\/wp-json\/wp\/v2\/tags?post=22695"}],"curies":[{"name":"wp","href":"https:\/\/api.w.org\/{rel}","templated":true}]}}