{"id":22688,"date":"2016-04-12T11:24:44","date_gmt":"2016-04-12T16:24:44","guid":{"rendered":"https:\/\/radiowebmx.com\/nota\/?p=22688"},"modified":"2016-04-12T11:24:44","modified_gmt":"2016-04-12T16:24:44","slug":"catedras-nacionales-cumex-mejoran-y-elevan-calidad-de-indicadores","status":"publish","type":"post","link":"https:\/\/radiowebmx.com\/nota\/catedras-nacionales-cumex-mejoran-y-elevan-calidad-de-indicadores\/","title":{"rendered":"C\u00e1tedras  Nacionales CUMex mejoran y elevan calidad de indicadores"},"content":{"rendered":"<p class=\"ecxMsoNormal\"><span lang=\"ES-TRAD\"><a href=\"https:\/\/radiowebmx.com\/nota\/wp-content\/uploads\/2016\/04\/zzz826.jpg\"><img loading=\"lazy\" decoding=\"async\" class=\"alignleft size-full wp-image-22689\" src=\"https:\/\/radiowebmx.com\/nota\/wp-content\/uploads\/2016\/04\/zzz826.jpg\" alt=\"zzz826\" width=\"591\" height=\"342\" srcset=\"https:\/\/radiowebmx.com\/nota\/wp-content\/uploads\/2016\/04\/zzz826.jpg 591w, https:\/\/radiowebmx.com\/nota\/wp-content\/uploads\/2016\/04\/zzz826-300x174.jpg 300w\" sizes=\"auto, (max-width: 591px) 100vw, 591px\" \/><\/a>Las C\u00e1tedras Nacionales, a 10 a\u00f1os de su establecimiento, han permitido consolidar y fortalecer cuerpos acad\u00e9micos, construir redes acad\u00e9micas y crear posgrados conjuntos, lo que ha propiciado incrementar y mejorar los indicadores de calidad de las 29 Instituciones de Educaci\u00f3n Superior socias del Consorcio de Universidades Mexicanas (CUMex), destac\u00f3 su presidente y rector de la Universidad Aut\u00f3noma del Estado de Hidalgo (UAEH) Humberto Veras Godoy.<\/span><\/p>\n<p class=\"ecxMsoNormal\"><span lang=\"ES-TRAD\">En el marco de la ceremonia de inauguraci\u00f3n de la Onceava C\u00e1tedra CUMex 2016-2017 de Contabilidad y Administraci\u00f3n \u201cAgust\u00edn Reyes Ponce\u201d, Veras Godoy, acompa\u00f1ado del rector de la Universidad Aut\u00f3noma de Tlaxcala (UAT) Rub\u00e9n Reyes C\u00f3rdoba, hizo votos porque todas las instituciones socias del Consorcio fortalezcan el trabajo acad\u00e9mico de investigadores y profesores en beneficio fundamental de la investigaci\u00f3n y de los estudiantes a trav\u00e9s de las c\u00e1tedras.<\/span><\/p>\n<p class=\"ecxMsoNormal\"><span lang=\"ES-TRAD\">La c\u00e1tedra que hoy nos congrega, a\u00f1adi\u00f3, va encaminada a dilucidar los aspectos de la m\u00e1s alta importancia y actualidad, como es el emprender, el innovar en las ciencias econ\u00f3mico-administrativas, lo que ha permitido elevar la calidad acad\u00e9mica de los profesores, mejorar su productividad acad\u00e9mica y el desarrollo de nuevas l\u00edneas de generaci\u00f3n y aplicaci\u00f3n innovadora de conocimiento.<\/span><\/p>\n<p class=\"ecxMsoNormal\"><span lang=\"ES-TRAD\">Mencion\u00f3 que en el CUMex se cuenta con ocho c\u00e1tedras nacionales \u201cque son nuestra bandera en este espacio de calidad, mismas que han contado con la participaci\u00f3n de destacados especialistas y acad\u00e9micos nacionales e internacionales, quienes tienen un alto prestigio en la parte de investigaci\u00f3n, la ciencia y la tecnolog\u00eda, pero que adem\u00e1s han impactado positivamente el trabajo acad\u00e9mico de las diferentes instituciones integrantes del Consorcio.<\/span><\/p>\n<p class=\"ecxMsoNormal\"><span lang=\"ES-TRAD\">Agradeci\u00f3 a su hom\u00f3logo rector de la UAT Rub\u00e9n Reyes por la invitaci\u00f3n a la inauguraci\u00f3n: \u201cEs un honor estar aqu\u00ed con ustedes en esta extraordinaria instituci\u00f3n educativa que integra el Consorcio de Universidades Mexicanas y que es un aliado estrat\u00e9gico de nuestra instituci\u00f3n\u201d.<\/span><\/p>\n<p class=\"ecxMsoNormal\"><span lang=\"ES-TRAD\">Veras Godoy aprovech\u00f3 la oportunidad para anunciar la realizaci\u00f3n del primer evento cultural del CUMex en el mes de octubre del presente a\u00f1o, del cual la Aut\u00f3noma de Tlaxcala ser\u00e1 sede del mismo, el cual fue avalado por todos los rectores durante los trabajos de la Primera Sesi\u00f3n Ordinaria del Consejo de Rectores realizada los d\u00edas 6 y 7 de abril en el puerto de Acapulco, Guerrero.<\/span><\/p>\n<p class=\"ecxMsoNormal\"><span lang=\"ES-TRAD\">Invit\u00f3 a los j\u00f3venes asistentes provenientes de 11 instituciones de educaci\u00f3n superior tanto de la regi\u00f3n como de las que integran el CUMex vivir y participar intensamente en las actividades de la c\u00e1tedra. \u201cVislumbro que todo lo que estamos haciendo va posibilitar crear hombres y mujeres capaces que van a hacer cosas nuevas y no simplemente repetir lo que han hecho otras generaciones\u201d.<\/span><\/p>\n<p class=\"ecxMsoNormal\">En su oportunidad, el rector Rub\u00e9n Reyes C\u00f3rdoba dio la bienvenida y felicito al presidente del CUMex Humberto Veras por \u201cel magn\u00edfico y sobresaliente trabajo\u201d como rector de la UAEH y al frente del Consorcio.<\/p>\n<p class=\"ecxMsoNormal\"><span lang=\"ES-TRAD\">Resalt\u00f3 que las c\u00e1tedras que organiza el CUMex se constituyen en espacios para favorecer la ense\u00f1anza, la investigaci\u00f3n, la innovaci\u00f3n, a la socializaci\u00f3n de conocimiento cient\u00edfico y tecnol\u00f3gico, favoreciendo la actualizaci\u00f3n de intercambio acad\u00e9mico entre expertos que se traduce en el establecimiento de redes en la producci\u00f3n colegiada de saberes en el marco nacional e internacional.<\/span><\/p>\n<p class=\"ecxMsoNormal\"><span lang=\"ES-TRAD\">\u201cCon la organizaci\u00f3n de estos importantes eventos, el CUMex a trav\u00e9s de sus instituciones miembros contribuye a la formaci\u00f3n integral de sus estudiantes, pero tambi\u00e9n contribuye a la actualizaci\u00f3n de sus acad\u00e9micos brind\u00e1ndoles la oportunidad de interactuar y adquirir conocimientos de vanguardia de manera directa\u201d, manifest\u00f3.<\/span><\/p>\n<p class=\"ecxMsoNormal\"><span lang=\"ES-TRAD\">Reyes C\u00f3rdoba entreg\u00f3 un reconocimiento al rector Humberto Veras Godoy por su brillante labor como presidente del Consorcio de Universidades Mexicanas y por su valiosa aportaci\u00f3n a la calidad de las instituciones de educaci\u00f3n superior.<\/span><\/p>\n<p class=\"ecxMsoNormal\"><span lang=\"ES-TRAD\">Cabe mencionar que la Onceava C\u00e1tedra CUMex 2016-2017 de Contabilidad y Administraci\u00f3n \u201cAgust\u00edn Reyes Ponce\u201d se desarrollar\u00e1 del 11 al 13 de abril en el Centro Cultural Universitario de la UAT. El programa est\u00e1 compuesto por conferencias magistrales, talleres, cursos, exposiciones y eventos de tipo cultural.<\/span><\/p>\n","protected":false},"excerpt":{"rendered":"<p>Las C\u00e1tedras Nacionales, a 10 a\u00f1os de su establecimiento, han permitido consolidar y fortalecer cuerpos acad\u00e9micos, construir redes acad\u00e9micas y crear posgrados conjuntos,<\/p>\n","protected":false},"author":1,"featured_media":22689,"comment_status":"open","ping_status":"open","sticky":false,"template":"","format":"standard","meta":{"footnotes":""},"categories":[14],"tags":[],"class_list":["post-22688","post","type-post","status-publish","format-standard","has-post-thumbnail","hentry","category-destacadas"],"_links":{"self":[{"href":"https:\/\/radiowebmx.com\/nota\/wp-json\/wp\/v2\/posts\/22688","targetHints":{"allow":["GET"]}}],"collection":[{"href":"https:\/\/radiowebmx.com\/nota\/wp-json\/wp\/v2\/posts"}],"about":[{"href":"https:\/\/radiowebmx.com\/nota\/wp-json\/wp\/v2\/types\/post"}],"author":[{"embeddable":true,"href":"https:\/\/radiowebmx.com\/nota\/wp-json\/wp\/v2\/users\/1"}],"replies":[{"embeddable":true,"href":"https:\/\/radiowebmx.com\/nota\/wp-json\/wp\/v2\/comments?post=22688"}],"version-history":[{"count":1,"href":"https:\/\/radiowebmx.com\/nota\/wp-json\/wp\/v2\/posts\/22688\/revisions"}],"predecessor-version":[{"id":22690,"href":"https:\/\/radiowebmx.com\/nota\/wp-json\/wp\/v2\/posts\/22688\/revisions\/22690"}],"wp:featuredmedia":[{"embeddable":true,"href":"https:\/\/radiowebmx.com\/nota\/wp-json\/wp\/v2\/media\/22689"}],"wp:attachment":[{"href":"https:\/\/radiowebmx.com\/nota\/wp-json\/wp\/v2\/media?parent=22688"}],"wp:term":[{"taxonomy":"category","embeddable":true,"href":"https:\/\/radiowebmx.com\/nota\/wp-json\/wp\/v2\/categories?post=22688"},{"taxonomy":"post_tag","embeddable":true,"href":"https:\/\/radiowebmx.com\/nota\/wp-json\/wp\/v2\/tags?post=22688"}],"curies":[{"name":"wp","href":"https:\/\/api.w.org\/{rel}","templated":true}]}}