{"id":22683,"date":"2016-04-12T11:16:02","date_gmt":"2016-04-12T16:16:02","guid":{"rendered":"https:\/\/radiowebmx.com\/nota\/?p=22683"},"modified":"2016-04-12T11:16:02","modified_gmt":"2016-04-12T16:16:02","slug":"gobierno-municipal-promueve-a-morelia-para-albergar-reunion-nacional-de-canainpa","status":"publish","type":"post","link":"https:\/\/radiowebmx.com\/nota\/gobierno-municipal-promueve-a-morelia-para-albergar-reunion-nacional-de-canainpa\/","title":{"rendered":"Gobierno Municipal promueve a Morelia para albergar reuni\u00f3n nacional de Canainpa"},"content":{"rendered":"<p><a href=\"https:\/\/radiowebmx.com\/nota\/wp-content\/uploads\/2016\/04\/9f4decf5-30be-4c74-b670-7688d42a3f25.jpg\"><img loading=\"lazy\" decoding=\"async\" class=\"alignleft size-full wp-image-22684\" src=\"https:\/\/radiowebmx.com\/nota\/wp-content\/uploads\/2016\/04\/9f4decf5-30be-4c74-b670-7688d42a3f25.jpg\" alt=\"9f4decf5-30be-4c74-b670-7688d42a3f25\" width=\"591\" height=\"279\" srcset=\"https:\/\/radiowebmx.com\/nota\/wp-content\/uploads\/2016\/04\/9f4decf5-30be-4c74-b670-7688d42a3f25.jpg 591w, https:\/\/radiowebmx.com\/nota\/wp-content\/uploads\/2016\/04\/9f4decf5-30be-4c74-b670-7688d42a3f25-300x142.jpg 300w\" sizes=\"auto, (max-width: 591px) 100vw, 591px\" \/><\/a>Morelia ser\u00e1 sede de la Primera Reuni\u00f3n de Delegados de la C\u00e1mara Nacional de la Industria Panificadora, evento en el que se espera la asistencia de 22 delegaciones de varios estados del pa\u00eds y cuya asistencia se prev\u00e9 sea de m\u00e1s de 120 personas.<\/p>\n<p>En conferencia de prensa, el Director de Promoci\u00f3n Tur\u00edstica de la Secretar\u00eda de Turismo de Morelia, Paulo Torres Buquing afirm\u00f3 que se logr\u00f3 que esta reuni\u00f3n se lleve a cabo en el municipio, gracias a los trabajos que se realizan desde la Secretar\u00eda de Turismo de Morelia y la Canainpa Michoac\u00e1n, para que el pan se consolide como un producto tur\u00edstico que detone la econom\u00eda de los productores locales.<\/p>\n<p>Por su parte, Oliverio Cruz Guti\u00e9rrez, delegado de Canainpa en Michoac\u00e1n agradeci\u00f3 el acercamiento y el apoyo que ha recibido por parte del Gobierno Municipal, asimismo destac\u00f3 que esta reuni\u00f3n de l\u00edderes panaderos ser\u00e1 la primera ocasi\u00f3n que sale de su lugar de origen en la ciudad de M\u00e9xico, logro que se obtuvo gracias a la perseverancia de los organizadores morelianos.<\/p>\n<p>Esta reuni\u00f3n tiene por objetivo acercar a todos los panaderos la actualizaci\u00f3n de temas en materia de producci\u00f3n, comercializaci\u00f3n, ventas, ingredientes innovadores as\u00ed como tambi\u00e9n abordar temas en materia fiscal y de generaci\u00f3n de empresas formales.<\/p>\n<p>El evento se llevar\u00e1 a cabo el pr\u00f3ximo jueves 14 de abril a las 09:00 horas en Casa de Gobierno y contar\u00e1 adem\u00e1s con una conferencia magistral impartida por Carolina Salazar, especialista en el manejo de capital humano por medio de la innovaci\u00f3n.<\/p>\n<p>La reuni\u00f3n de delegados permitir\u00e1 mostrar las riquezas con las que cuenta la ciudad en materia de turismo y econom\u00eda, y posicionar a Morelia como sede de eventos nacionales de cualquier giro comercial.<\/p>\n<p>Paulo Torres destac\u00f3 que este acercamiento con la Canaimpa se debe a que se pretende hacer del pan un producto tur\u00edstico de calidad, innovador y que rebase fronteras a trav\u00e9s de eventos como son la propia Feria del Pan que se lleva a cabo en octubre.<\/p>\n<p>Cabe destacar Morelia actualmente cuenta con un patr\u00f3n de 800 panader\u00edas en donde se generan cerca de 4 empleos directos y 5 indirectos en cada establecimiento, adem\u00e1s de que este gremio representa el 1.3 por ciento del Producto Interno Bruto en Michoac\u00e1n.<\/p>\n","protected":false},"excerpt":{"rendered":"<p>Morelia ser\u00e1 sede de la Primera Reuni\u00f3n de Delegados de la C\u00e1mara Nacional de la Industria Panificadora, evento en el que se espera la asistencia de 22 delegaciones de varios estados del pa\u00eds y cuya asistencia se prev\u00e9 sea de m\u00e1s de 120 personas.<\/p>\n","protected":false},"author":1,"featured_media":22684,"comment_status":"open","ping_status":"open","sticky":false,"template":"","format":"standard","meta":{"footnotes":""},"categories":[14,9],"tags":[],"class_list":["post-22683","post","type-post","status-publish","format-standard","has-post-thumbnail","hentry","category-destacadas","category-morelia"],"_links":{"self":[{"href":"https:\/\/radiowebmx.com\/nota\/wp-json\/wp\/v2\/posts\/22683","targetHints":{"allow":["GET"]}}],"collection":[{"href":"https:\/\/radiowebmx.com\/nota\/wp-json\/wp\/v2\/posts"}],"about":[{"href":"https:\/\/radiowebmx.com\/nota\/wp-json\/wp\/v2\/types\/post"}],"author":[{"embeddable":true,"href":"https:\/\/radiowebmx.com\/nota\/wp-json\/wp\/v2\/users\/1"}],"replies":[{"embeddable":true,"href":"https:\/\/radiowebmx.com\/nota\/wp-json\/wp\/v2\/comments?post=22683"}],"version-history":[{"count":1,"href":"https:\/\/radiowebmx.com\/nota\/wp-json\/wp\/v2\/posts\/22683\/revisions"}],"predecessor-version":[{"id":22685,"href":"https:\/\/radiowebmx.com\/nota\/wp-json\/wp\/v2\/posts\/22683\/revisions\/22685"}],"wp:featuredmedia":[{"embeddable":true,"href":"https:\/\/radiowebmx.com\/nota\/wp-json\/wp\/v2\/media\/22684"}],"wp:attachment":[{"href":"https:\/\/radiowebmx.com\/nota\/wp-json\/wp\/v2\/media?parent=22683"}],"wp:term":[{"taxonomy":"category","embeddable":true,"href":"https:\/\/radiowebmx.com\/nota\/wp-json\/wp\/v2\/categories?post=22683"},{"taxonomy":"post_tag","embeddable":true,"href":"https:\/\/radiowebmx.com\/nota\/wp-json\/wp\/v2\/tags?post=22683"}],"curies":[{"name":"wp","href":"https:\/\/api.w.org\/{rel}","templated":true}]}}