{"id":22680,"date":"2016-04-12T11:14:01","date_gmt":"2016-04-12T16:14:01","guid":{"rendered":"https:\/\/radiowebmx.com\/nota\/?p=22680"},"modified":"2016-04-12T11:14:01","modified_gmt":"2016-04-12T16:14:01","slug":"si-financia-impulsa-la-agroindustria","status":"publish","type":"post","link":"https:\/\/radiowebmx.com\/nota\/si-financia-impulsa-la-agroindustria\/","title":{"rendered":"S\u00ed Financia impulsa la agroindustria"},"content":{"rendered":"<p><a href=\"https:\/\/radiowebmx.com\/nota\/wp-content\/uploads\/2016\/04\/801a5365-cb06-462e-aa52-9cad39f5a2f2.jpg\"><img loading=\"lazy\" decoding=\"async\" class=\"alignleft size-full wp-image-22681\" src=\"https:\/\/radiowebmx.com\/nota\/wp-content\/uploads\/2016\/04\/801a5365-cb06-462e-aa52-9cad39f5a2f2.jpg\" alt=\"801a5365-cb06-462e-aa52-9cad39f5a2f2\" width=\"591\" height=\"282\" srcset=\"https:\/\/radiowebmx.com\/nota\/wp-content\/uploads\/2016\/04\/801a5365-cb06-462e-aa52-9cad39f5a2f2.jpg 591w, https:\/\/radiowebmx.com\/nota\/wp-content\/uploads\/2016\/04\/801a5365-cb06-462e-aa52-9cad39f5a2f2-300x143.jpg 300w\" sizes=\"auto, (max-width: 591px) 100vw, 591px\" \/><\/a>Impulsar la competitividad de la agroindustria del estado es prioridad para el Gobierno que encabeza Silvano Aureoles Conejo; por ello, el Sistema Integral de Financiamiento para el Desarrollo de Michoac\u00e1n (S\u00ed Financia) otorga cr\u00e9ditos a proyectos productivos de este sector en la regi\u00f3n de Tierra Caliente.<\/p>\n<p>En esta ocasi\u00f3n S\u00ed Financia, a trav\u00e9s del Programa de Financiamiento a la Actividad Empresarial (PROFIEP), otorg\u00f3 un cr\u00e9dito por 700 mil pesos a la empresa Mangueros Unidos Paracuarenses para inversi\u00f3n en la congeladora de frutas y hortalizas denominada Jos\u00e9 Mar\u00eda Morelos y Pav\u00f3n.<\/p>\n<p>El titular de S\u00ed Financia, Benjam\u00edn Hern\u00e1ndez Luna, indic\u00f3 que a trav\u00e9s de este financiamiento se podr\u00e1 potenciar la exportaci\u00f3n de productos michoacanos a Estados Unidos, Nueva Zelanda, Jap\u00f3n, Europa y Asia, tales como el mango, el aguacate, fresa y lim\u00f3n, adem\u00e1s de beneficiar a productores nacionales que env\u00edan productos a esta empacadora.<\/p>\n<p>Detall\u00f3 que el cr\u00e9dito ser\u00e1 utilizado para la producci\u00f3n, industrializaci\u00f3n y comercializaci\u00f3n de productos agropecuarios, ya que \u201ccomo mencionaba el Gobernador Silvano Aureoles Conejo en el marco del aniversario luctuoso de Emiliano Zapata,\u00a0 se tiene la fortuna que una buena parte de nuestros productos tienen una demanda creciente, por lo que con ello se podr\u00e1 abastecer la demanda en otros pa\u00edses\u201d.<\/p>\n<p>Cabe se\u00f1alar dicha empresa est\u00e1 conformado por 50 socios, quienes aportaron una parte de los recursos para obtener la congeladora y poder cubrir todo el proceso de producci\u00f3n, adem\u00e1s de que con este proyecto han generado 80 empleos directos en su primera etapa en la regi\u00f3n.<\/p>\n<p>Mangueros Unidos Paracuarenses cuenta con certificado de inocuidad y es una empresa sustentable que ya trabaja con la producci\u00f3n de mango org\u00e1nico, y de continuar con un buen historial crediticio, en el siguiente ciclo de su financiamiento podr\u00edan aspirar a un cr\u00e9dito de 3 millones de pesos.<\/p>\n","protected":false},"excerpt":{"rendered":"<p>Impulsar la competitividad de la agroindustria del estado es prioridad para el Gobierno que encabeza Silvano Aureoles Conejo; por ello, el S\u00ed Financia otorga cr\u00e9ditos a proyectos productivos de este sector en la regi\u00f3n de Tierra Caliente.<\/p>\n","protected":false},"author":1,"featured_media":22681,"comment_status":"open","ping_status":"open","sticky":false,"template":"","format":"standard","meta":{"footnotes":""},"categories":[14,3],"tags":[],"class_list":["post-22680","post","type-post","status-publish","format-standard","has-post-thumbnail","hentry","category-destacadas","category-gobierno-del-estado-de-michoacan"],"_links":{"self":[{"href":"https:\/\/radiowebmx.com\/nota\/wp-json\/wp\/v2\/posts\/22680","targetHints":{"allow":["GET"]}}],"collection":[{"href":"https:\/\/radiowebmx.com\/nota\/wp-json\/wp\/v2\/posts"}],"about":[{"href":"https:\/\/radiowebmx.com\/nota\/wp-json\/wp\/v2\/types\/post"}],"author":[{"embeddable":true,"href":"https:\/\/radiowebmx.com\/nota\/wp-json\/wp\/v2\/users\/1"}],"replies":[{"embeddable":true,"href":"https:\/\/radiowebmx.com\/nota\/wp-json\/wp\/v2\/comments?post=22680"}],"version-history":[{"count":1,"href":"https:\/\/radiowebmx.com\/nota\/wp-json\/wp\/v2\/posts\/22680\/revisions"}],"predecessor-version":[{"id":22682,"href":"https:\/\/radiowebmx.com\/nota\/wp-json\/wp\/v2\/posts\/22680\/revisions\/22682"}],"wp:featuredmedia":[{"embeddable":true,"href":"https:\/\/radiowebmx.com\/nota\/wp-json\/wp\/v2\/media\/22681"}],"wp:attachment":[{"href":"https:\/\/radiowebmx.com\/nota\/wp-json\/wp\/v2\/media?parent=22680"}],"wp:term":[{"taxonomy":"category","embeddable":true,"href":"https:\/\/radiowebmx.com\/nota\/wp-json\/wp\/v2\/categories?post=22680"},{"taxonomy":"post_tag","embeddable":true,"href":"https:\/\/radiowebmx.com\/nota\/wp-json\/wp\/v2\/tags?post=22680"}],"curies":[{"name":"wp","href":"https:\/\/api.w.org\/{rel}","templated":true}]}}