{"id":22666,"date":"2016-04-12T10:59:57","date_gmt":"2016-04-12T15:59:57","guid":{"rendered":"https:\/\/radiowebmx.com\/nota\/?p=22666"},"modified":"2016-04-12T10:59:57","modified_gmt":"2016-04-12T15:59:57","slug":"la-ruta-don-vasco-referente-del-turismo-cultural-de-mexico-liliana-lopez-buenrostro","status":"publish","type":"post","link":"https:\/\/radiowebmx.com\/nota\/la-ruta-don-vasco-referente-del-turismo-cultural-de-mexico-liliana-lopez-buenrostro\/","title":{"rendered":"La Ruta Don Vasco, referente del turismo cultural de M\u00e9xico: Liliana L\u00f3pez Buenrostro"},"content":{"rendered":"<p class=\"ecxGOBMICH\"><span lang=\"ES\"><a href=\"https:\/\/radiowebmx.com\/nota\/wp-content\/uploads\/2016\/04\/f269b4ba-70f6-47c1-85c2-fe354315dfdd.jpg\"><img loading=\"lazy\" decoding=\"async\" class=\"alignleft size-full wp-image-22668\" src=\"https:\/\/radiowebmx.com\/nota\/wp-content\/uploads\/2016\/04\/f269b4ba-70f6-47c1-85c2-fe354315dfdd.jpg\" alt=\"f269b4ba-70f6-47c1-85c2-fe354315dfdd\" width=\"591\" height=\"231\" srcset=\"https:\/\/radiowebmx.com\/nota\/wp-content\/uploads\/2016\/04\/f269b4ba-70f6-47c1-85c2-fe354315dfdd.jpg 591w, https:\/\/radiowebmx.com\/nota\/wp-content\/uploads\/2016\/04\/f269b4ba-70f6-47c1-85c2-fe354315dfdd-300x117.jpg 300w\" sizes=\"auto, (max-width: 591px) 100vw, 591px\" \/><\/a>Con la presencia de Michoac\u00e1n en un panel sobre Circuitos e Integraci\u00f3n Regional, arranc\u00f3 el V Foro Nacional de Cultura y Turismo (Kultur) donde el Gobernador del Estado de M\u00e9xico, Eruviel \u00c1vila Villegas, destac\u00f3 en su discurso inaugural el trabajo conjunto entre estados, sobre todo la buena relaci\u00f3n que ha tenido con Michoac\u00e1n; adem\u00e1s, anunci\u00f3 la firma de un acuerdo con la administraci\u00f3n estatal que encabeza el Gobernador Silvano Aureoles Conejo, para fortalecer la conservaci\u00f3n de los santuarios de la Mariposa Monarca.<\/span><br \/>\n<span lang=\"ES\">En la sesi\u00f3n inaugural de Kultur, junto con sus hom\u00f3logos de la Ciudad de M\u00e9xico, Estado de M\u00e9xico y Puebla, la secretaria de Turismo de Michoac\u00e1n, Liliana L\u00f3pez Buenrostro, particip\u00f3 en una mesa de trabajo en la que anunci\u00f3 el pr\u00f3ximo relanzamiento de la Ruta Don Vasco.<\/span><\/p>\n<p class=\"ecxGOBMICH\"><span lang=\"ES\">La funcionaria estatal calific\u00f3 la Ruta Don Vasco como el ejemplo y referente de turismo cultural en M\u00e9xico, un producto que cumple con el objetivo de dignificar a los pueblos y comunidades mediante la creaci\u00f3n de oportunidades laborales y mejora en las condiciones de vida de sus pobladores, \u201cespecialmente de hombres y mujeres que tienen peque\u00f1as empresas tur\u00edsticas dedicadas a las artesan\u00edas y a la cocina tradicional\u201d, hoy reconocida por la UNESCO como Patrimonio Mundial de la Humanidad.<\/span><\/p>\n<p class=\"ecxGOBMICH\"><span lang=\"ES\">L\u00f3pez Buenrostro enumer\u00f3 la amplia bater\u00eda de elementos asociados a la cultura que confluyen en la Ruta Don Vasco, como la arquitectura, tradiciones, fiestas, Pueblos M\u00e1gicos, artesan\u00eda, gastronom\u00eda, historia, entre otros.<\/span><\/p>\n<p class=\"ecxGOBMICH\"><span lang=\"ES\">Habl\u00f3 de las acciones que se han realizado en materia de mejora de infraestructura, como la recuperaci\u00f3n de los edificios m\u00e1s emblem\u00e1ticos de la Ruta Don Vasco, remozamiento de instalaciones como el Muelle General de P\u00e1tzcuaro o la Calzada de las Y\u00e1catas, en Tzintzuntzan, as\u00ed como diversas obras de restauraci\u00f3n de\u00a0la imagen urbana.<\/span><\/p>\n<p class=\"ecxGOBMICH\"><span lang=\"ES\">Adem\u00e1s de se\u00f1alar las fortalezas del producto, habl\u00f3 tambi\u00e9n de las acciones programadas para darle nuevo impulso, desde rubros como la capacitaci\u00f3n y certificaciones de calidad para las empresas del espacio Don Vasco; promoci\u00f3n conjunta con la integraci\u00f3n de los ayuntamientos que conforman Pueblos M\u00e1gicos y gesti\u00f3n de recursos ante organismos internacionales como el Banco Interamericano para el Desarrollo y el Banco Mundial, adem\u00e1s del Poder Legislativo.<\/span><\/p>\n","protected":false},"excerpt":{"rendered":"<p>Con la presencia de Michoac\u00e1n en un panel sobre Circuitos e Integraci\u00f3n Regional, arranc\u00f3 el V Foro Nacional de Cultur donde el Gobernador del Estado de M\u00e9xico, Eruviel \u00c1vila Villegas, <\/p>\n","protected":false},"author":1,"featured_media":22668,"comment_status":"open","ping_status":"open","sticky":false,"template":"","format":"standard","meta":{"footnotes":""},"categories":[14,3],"tags":[],"class_list":["post-22666","post","type-post","status-publish","format-standard","has-post-thumbnail","hentry","category-destacadas","category-gobierno-del-estado-de-michoacan"],"_links":{"self":[{"href":"https:\/\/radiowebmx.com\/nota\/wp-json\/wp\/v2\/posts\/22666","targetHints":{"allow":["GET"]}}],"collection":[{"href":"https:\/\/radiowebmx.com\/nota\/wp-json\/wp\/v2\/posts"}],"about":[{"href":"https:\/\/radiowebmx.com\/nota\/wp-json\/wp\/v2\/types\/post"}],"author":[{"embeddable":true,"href":"https:\/\/radiowebmx.com\/nota\/wp-json\/wp\/v2\/users\/1"}],"replies":[{"embeddable":true,"href":"https:\/\/radiowebmx.com\/nota\/wp-json\/wp\/v2\/comments?post=22666"}],"version-history":[{"count":1,"href":"https:\/\/radiowebmx.com\/nota\/wp-json\/wp\/v2\/posts\/22666\/revisions"}],"predecessor-version":[{"id":22669,"href":"https:\/\/radiowebmx.com\/nota\/wp-json\/wp\/v2\/posts\/22666\/revisions\/22669"}],"wp:featuredmedia":[{"embeddable":true,"href":"https:\/\/radiowebmx.com\/nota\/wp-json\/wp\/v2\/media\/22668"}],"wp:attachment":[{"href":"https:\/\/radiowebmx.com\/nota\/wp-json\/wp\/v2\/media?parent=22666"}],"wp:term":[{"taxonomy":"category","embeddable":true,"href":"https:\/\/radiowebmx.com\/nota\/wp-json\/wp\/v2\/categories?post=22666"},{"taxonomy":"post_tag","embeddable":true,"href":"https:\/\/radiowebmx.com\/nota\/wp-json\/wp\/v2\/tags?post=22666"}],"curies":[{"name":"wp","href":"https:\/\/api.w.org\/{rel}","templated":true}]}}