{"id":22662,"date":"2016-04-11T14:21:48","date_gmt":"2016-04-11T19:21:48","guid":{"rendered":"https:\/\/radiowebmx.com\/nota\/?p=22662"},"modified":"2016-04-11T14:21:48","modified_gmt":"2016-04-11T19:21:48","slug":"lamentable-que-el-gobierno-federal-se-oponga-al-traslado-del-dr-mireles-movimiento-ciudadano","status":"publish","type":"post","link":"https:\/\/radiowebmx.com\/nota\/lamentable-que-el-gobierno-federal-se-oponga-al-traslado-del-dr-mireles-movimiento-ciudadano\/","title":{"rendered":"Lamentable que el Gobierno Federal se oponga al traslado del Dr. Mireles: Movimiento Ciudadano"},"content":{"rendered":"<p class=\"ecxMsoNormal\"><a href=\"https:\/\/radiowebmx.com\/nota\/wp-content\/uploads\/2016\/04\/W-IMG_7347.jpg\"><img loading=\"lazy\" decoding=\"async\" class=\"alignleft size-full wp-image-22663\" src=\"https:\/\/radiowebmx.com\/nota\/wp-content\/uploads\/2016\/04\/W-IMG_7347.jpg\" alt=\"W-IMG_7347\" width=\"591\" height=\"270\" srcset=\"https:\/\/radiowebmx.com\/nota\/wp-content\/uploads\/2016\/04\/W-IMG_7347.jpg 591w, https:\/\/radiowebmx.com\/nota\/wp-content\/uploads\/2016\/04\/W-IMG_7347-300x137.jpg 300w\" sizes=\"auto, (max-width: 591px) 100vw, 591px\" \/><\/a>EL Gobierno Federal se opone de manera irracional e incomprensible a que el doctor Jos\u00e9 Manuel Mireles Valverde, ex l\u00edder de las autodefensas michoacanas, sea trasladado del CEFERESO de Sonora al Penal de Morelia, y con esto sigue obstaculizando la liberaci\u00f3n del luchador social, remarc\u00f3 el Coordinador Estatal de Movimiento Ciudadano Michoac\u00e1n, Daniel Moncada S\u00e1nchez.<\/p>\n<p class=\"ecxMsoNormal\">En conferencia de prensa, donde estuvo acompa\u00f1ado por integrantes de la Comisi\u00f3n Operativa Estatal de Movimiento Ciudadano y la Defensa Jur\u00eddica del ex l\u00edder de las autodefensas, destac\u00f3 que los argumentos esgrimidos para no autorizar el traslado s\u00f3lo ratifican que el doctor Mireles es un preso pol\u00edtico por la lucha que emprendi\u00f3 en contra de la delincuencia organizada.<\/p>\n<p class=\"ecxMsoNormal\">De esta forma, Moncada S\u00e1nchez, dijo que con la negativa del Gobierno Federal, a trav\u00e9s de la Secretar\u00eda de Gobernaci\u00f3n (SEGOB), para el traslado del doctor Mireles, lo que se est\u00e1 haciendo es obstaculizar el proceso que enfrenta Mireles Valverde, y que la respuesta que dio a la solicitud de traslado es lamentable, m\u00e1s en los t\u00e9rminos que se hizo.<\/p>\n<p class=\"ecxMsoNormal\">\u201cHay que recordar que el gobierno del estado ya dio su visto bueno, ya manifest\u00f3 que no hay inconveniente para que el doctor Mireles pueda seguir el proceso penal en Michoac\u00e1n, toda vez que no ha sido sentenciado\u201d, remarc\u00f3 Daniel Moncada y agreg\u00f3 que bajo las condiciones que se mantiene al l\u00edder social son las de un campo de concentraci\u00f3n.<\/p>\n<p class=\"ecxMsoNormal\">Por su parte, Ignacio Mendoza, abogado defensor de Mireles, explic\u00f3 que el gobierno federal a trav\u00e9s de su \u00f3rgano desconcentrado de la administraci\u00f3n de penales, en respuesta al Juez Quinto de Distrito sobre la solicitud de traslado, dijo que para dicho \u00f3rgano no es factible traslado del doctor Mireles porque \u201clo cataloga como un reo con \u00edndice de peligrosidad elevado\u201d.<\/p>\n<p class=\"ecxMsoNormal\">\u201cEste es el documento que viene a probar que Mireles es un preso pol\u00edtico, se habla de que \u00e9l por su activismo, por pertenecer a los grupos de autodefensa, pone en riesgo su permanencia en el penal de Michoac\u00e1n\u201d, resalt\u00f3 el abogado.<\/p>\n<p class=\"ecxMsoNormal\">De acuerdo al documento oficial que se emiti\u00f3 en respuesta a la solicitud, a\u00f1adi\u00f3 Ignacio Mendoza, \u201cJos\u00e9 Manuel Mireles cuenta con las relaciones para logra obtener beneficios en su reclusi\u00f3n, es decir que lo ponen a nivel del peor capo del narcotr\u00e1fico\u201d, y que \u201cpara el gobierno federal el doctor Mireles pone en riesgo la estabilidad social y la seguridad de Michoac\u00e1n\u201d.<\/p>\n<p class=\"ecxMsoNormal\">Esto es tan absurdo, dijo Daniel Moncada, en la referida respuesta de la SEGOB se se\u00f1ala a Mireles con \u201ccapacidad criminal alta, adaptabilidad social alta, \u00edndice de estado peligroso alto y riesgo intra institucional alto, y pr\u00e1cticamente lo ponen como uno de los peores delincuentes en la historia del pa\u00eds\u201d.<\/p>\n<p class=\"ecxMsoNormal\">\u201cEsto deja claro, con este documento oficial de la SEGOB, que el doctor Mireles no es m\u00e1s que un preso pol\u00edtico\u201d, resalt\u00f3 el Coordinador Estatal de Movimiento Ciudadano Michoac\u00e1n.<\/p>\n<p class=\"ecxMsoNormal\">El tambi\u00e9n Diputado Ciudadano indic\u00f3 que el Ex Comisionado para la Seguridad de Michoac\u00e1n, Alfredo Castillo Cervantes, \u201cpervirti\u00f3 la lucha de las autodefensas\u201d, con el acuerdo firmado el 27 de enero del 2014, donde faculta a las autodefensas en el uso de las armas que portaban.<\/p>\n<p class=\"ecxMsoNormal\">\u201cEst\u00e1 claro que Mireles es un preso pol\u00edtico, y muy clara la mano de Alfredo Castillo en la imposibilidad de que el doctor pueda ser trasladado\u201d, a\u00f1adi\u00f3 el Dirigente Estatal.<\/p>\n<p class=\"ecxMsoNormal\">Ignacio Mendoza, a\u00f1adi\u00f3 que en el proceso de defensa del doctor Mireles se ingres\u00f3 un Incidente de Desvanecimiento de Datos, con el que se busca que se d\u00e9 por concluido el proceso penal del luchador social y dem\u00e1s autodefensas, \u201cen virtud de que al exhibirse el acuerdo del 27 enero del 2014, al estar firmada por funcionarios competentes, adquiere el rango de prueba plena y para la defensa es el documento de que tanto las autodefensa, Mireles y todos los michoacanos, pod\u00edamos estar armados\u201d, al no tener fecha de vencimiento dicho documento, apunt\u00f3 el abogado quien adem\u00e1s dijo que se siguen planteando rutas para buscar la liberaci\u00f3n del doctor y de los autodefensas que permanecen presos injustamente.<\/p>\n<p class=\"ecxMsoNormal\">De esta forma, Moncada S\u00e1nchez concluy\u00f3 diciendo que luego de la negativa del Gobierno Federal, ahora est\u00e1 en manos del Gobierno del Estado para que se mantenga en la postura positiva de que el Doctor Mireles pueda ser trasladado al penal de Mil Cumbres, en Michoac\u00e1n, como un acto de congruencia.<\/p>\n","protected":false},"excerpt":{"rendered":"<p>EL Gobierno Federal se opone de manera irracional e incomprensible a que el doctor Jos\u00e9 Manuel Mireles Valverde, ex l\u00edder de las autodefensas michoacanas, sea trasladado del CEFERESO de Sonora al Penal de Morelia, <\/p>\n","protected":false},"author":1,"featured_media":22663,"comment_status":"open","ping_status":"open","sticky":false,"template":"","format":"standard","meta":{"footnotes":""},"categories":[14,18,11],"tags":[],"class_list":["post-22662","post","type-post","status-publish","format-standard","has-post-thumbnail","hentry","category-destacadas","category-movimiento-ciudadano","category-partidos-politicos"],"_links":{"self":[{"href":"https:\/\/radiowebmx.com\/nota\/wp-json\/wp\/v2\/posts\/22662","targetHints":{"allow":["GET"]}}],"collection":[{"href":"https:\/\/radiowebmx.com\/nota\/wp-json\/wp\/v2\/posts"}],"about":[{"href":"https:\/\/radiowebmx.com\/nota\/wp-json\/wp\/v2\/types\/post"}],"author":[{"embeddable":true,"href":"https:\/\/radiowebmx.com\/nota\/wp-json\/wp\/v2\/users\/1"}],"replies":[{"embeddable":true,"href":"https:\/\/radiowebmx.com\/nota\/wp-json\/wp\/v2\/comments?post=22662"}],"version-history":[{"count":1,"href":"https:\/\/radiowebmx.com\/nota\/wp-json\/wp\/v2\/posts\/22662\/revisions"}],"predecessor-version":[{"id":22664,"href":"https:\/\/radiowebmx.com\/nota\/wp-json\/wp\/v2\/posts\/22662\/revisions\/22664"}],"wp:featuredmedia":[{"embeddable":true,"href":"https:\/\/radiowebmx.com\/nota\/wp-json\/wp\/v2\/media\/22663"}],"wp:attachment":[{"href":"https:\/\/radiowebmx.com\/nota\/wp-json\/wp\/v2\/media?parent=22662"}],"wp:term":[{"taxonomy":"category","embeddable":true,"href":"https:\/\/radiowebmx.com\/nota\/wp-json\/wp\/v2\/categories?post=22662"},{"taxonomy":"post_tag","embeddable":true,"href":"https:\/\/radiowebmx.com\/nota\/wp-json\/wp\/v2\/tags?post=22662"}],"curies":[{"name":"wp","href":"https:\/\/api.w.org\/{rel}","templated":true}]}}