{"id":22659,"date":"2016-04-11T14:18:01","date_gmt":"2016-04-11T19:18:01","guid":{"rendered":"https:\/\/radiowebmx.com\/nota\/?p=22659"},"modified":"2016-04-11T14:18:01","modified_gmt":"2016-04-11T19:18:01","slug":"la-univim-acerca-la-educacion-superior-a-la-region-lerma-chapala","status":"publish","type":"post","link":"https:\/\/radiowebmx.com\/nota\/la-univim-acerca-la-educacion-superior-a-la-region-lerma-chapala\/","title":{"rendered":"La Univim acerca la educaci\u00f3n superior a la regi\u00f3n Lerma-Chapala"},"content":{"rendered":"<p><a href=\"https:\/\/radiowebmx.com\/nota\/wp-content\/uploads\/2016\/04\/0aec1a91-812c-4851-bef6-a1fbac76fde8.jpg\"><img loading=\"lazy\" decoding=\"async\" class=\"alignleft size-full wp-image-22660\" src=\"https:\/\/radiowebmx.com\/nota\/wp-content\/uploads\/2016\/04\/0aec1a91-812c-4851-bef6-a1fbac76fde8.jpg\" alt=\"0aec1a91-812c-4851-bef6-a1fbac76fde8\" width=\"591\" height=\"298\" srcset=\"https:\/\/radiowebmx.com\/nota\/wp-content\/uploads\/2016\/04\/0aec1a91-812c-4851-bef6-a1fbac76fde8.jpg 591w, https:\/\/radiowebmx.com\/nota\/wp-content\/uploads\/2016\/04\/0aec1a91-812c-4851-bef6-a1fbac76fde8-300x151.jpg 300w\" sizes=\"auto, (max-width: 591px) 100vw, 591px\" \/><\/a>La rectora de la Univim, Silvia Mendoza Valenzuela, se\u00f1al\u00f3 que la educaci\u00f3n es la v\u00eda para el progreso y el desarrollo de la entidad, e indic\u00f3 que uno de los principales objetivos de la instalaci\u00f3n de las UVEUs es que los sectores m\u00e1s desprotegidos cuenten con acceso gratuito a estudios de licenciatura, por lo que felicit\u00f3 a los alcaldes por firmar este convenio, ya que con ello acercan la educaci\u00f3n superior a los habitantes de sus municipios.<\/p>\n<p>A la firma del convenio asistieron como testigos de honor y en representaci\u00f3n de los gobiernos estatal y federal la directora del Instituto de la Juventud Michoacana, Giulianna Bugarini Torres, y el gerente estatal de Liconsa, Ger\u00f3nimo Color Gasca, respectivamente, quienes mostraron su disposici\u00f3n de continuar creando sinergias en beneficio de las y los michoacanos.<\/p>\n<p>Silvia Mendoza se comprometi\u00f3 a dar seguimiento a los alumnos de la Univim para incrementar la eficiencia terminal, as\u00ed como lograr la inserci\u00f3n laboral de las y los egresados, ya que en pr\u00f3ximos d\u00edas se implementar\u00e1 la vinculaci\u00f3n con el sector empresarial.<\/p>\n<p>Entre los presidentes municipales que signaron dicho convenio de colaboraci\u00f3n se encuentran: Rodrigo S\u00e1nchez Zepeda, de Sahuayo; Jos\u00e9 Clemente Covarrubias Castillo, de Jiquilpan; Joel L\u00f3pez Padilla, de Villamar; Nicol\u00e1s Ram\u00edrez Zaragoza, de Vista Hermosa; Rolando Gonz\u00e1lez Ch\u00e1vez, de Marcos Castellanos; Enrique M\u00fajica S\u00e1nchez, de Cojumatl\u00e1n y Arturo Hern\u00e1ndez V\u00e1zquez, de Tanganc\u00edcuaro.<\/p>\n<p>Los ediles coincidieron en que la mejor inversi\u00f3n que se realiza en sus municipios es impulsar mejores condiciones educativas, lo cual a trav\u00e9s de la Univim podr\u00e1n lograr sin erogar fuertes cantidades econ\u00f3micas, gracias a las bondades de la educaci\u00f3n en l\u00ednea.<\/p>\n<p>Adem\u00e1s, destacaron que la Extensi\u00f3n Universitaria ser\u00e1 bien aprovechada por los trabajadores del ayuntamiento, quienes han mostrado deseos de continuar con su preparaci\u00f3n superior tanto en licenciatura, maestr\u00edas, diplomados y el doctorado, ya que con dicho convenio contar\u00e1n con el 30 por ciento de descuento en el costo de la matr\u00edcula.<\/p>\n","protected":false},"excerpt":{"rendered":"<p>En cumplimiento al compromiso del Gobernador Silvano Aureoles Conejo de acercar la educaci\u00f3n superior a los sectores m\u00e1s vulnerables de la entidad, siete alcaldes de municipios de la regi\u00f3n Lerma-Chapala firmaron el convenio de colaboraci\u00f3n con la Univim para la instalaci\u00f3n de las UVEUs.<\/p>\n","protected":false},"author":1,"featured_media":22660,"comment_status":"open","ping_status":"open","sticky":false,"template":"","format":"standard","meta":{"footnotes":""},"categories":[14,3],"tags":[],"class_list":["post-22659","post","type-post","status-publish","format-standard","has-post-thumbnail","hentry","category-destacadas","category-gobierno-del-estado-de-michoacan"],"_links":{"self":[{"href":"https:\/\/radiowebmx.com\/nota\/wp-json\/wp\/v2\/posts\/22659","targetHints":{"allow":["GET"]}}],"collection":[{"href":"https:\/\/radiowebmx.com\/nota\/wp-json\/wp\/v2\/posts"}],"about":[{"href":"https:\/\/radiowebmx.com\/nota\/wp-json\/wp\/v2\/types\/post"}],"author":[{"embeddable":true,"href":"https:\/\/radiowebmx.com\/nota\/wp-json\/wp\/v2\/users\/1"}],"replies":[{"embeddable":true,"href":"https:\/\/radiowebmx.com\/nota\/wp-json\/wp\/v2\/comments?post=22659"}],"version-history":[{"count":1,"href":"https:\/\/radiowebmx.com\/nota\/wp-json\/wp\/v2\/posts\/22659\/revisions"}],"predecessor-version":[{"id":22661,"href":"https:\/\/radiowebmx.com\/nota\/wp-json\/wp\/v2\/posts\/22659\/revisions\/22661"}],"wp:featuredmedia":[{"embeddable":true,"href":"https:\/\/radiowebmx.com\/nota\/wp-json\/wp\/v2\/media\/22660"}],"wp:attachment":[{"href":"https:\/\/radiowebmx.com\/nota\/wp-json\/wp\/v2\/media?parent=22659"}],"wp:term":[{"taxonomy":"category","embeddable":true,"href":"https:\/\/radiowebmx.com\/nota\/wp-json\/wp\/v2\/categories?post=22659"},{"taxonomy":"post_tag","embeddable":true,"href":"https:\/\/radiowebmx.com\/nota\/wp-json\/wp\/v2\/tags?post=22659"}],"curies":[{"name":"wp","href":"https:\/\/api.w.org\/{rel}","templated":true}]}}